{"id":140981,"date":"2022-02-15T13:00:00","date_gmt":"2022-02-15T18:00:00","guid":{"rendered":"https:\/\/linitiative.ca\/International\/de-nouvelles-structures-de-sante-pour-renforcer-loffre-de-soins\/"},"modified":"2022-02-15T13:00:00","modified_gmt":"2022-02-15T18:00:00","slug":"de-nouvelles-structures-de-sante-pour-renforcer-loffre-de-soins","status":"publish","type":"post","link":"https:\/\/linitiative.ca\/International\/de-nouvelles-structures-de-sante-pour-renforcer-loffre-de-soins\/","title":{"rendered":"De nouvelles structures de sant\u00e9 pour renforcer l\u2019offre de soins"},"content":{"rendered":"<div>\n<p class=\"has-text-align-center has-vivid-red-color has-text-color\"><strong>Souss-Massa<\/strong><\/p>\n<p class=\"has-black-color has-text-color\"><strong>Les structures de sant\u00e9 au niveau de la r\u00e9gion Souss-Massa se sont renforc\u00e9es par de nouveaux projets destin\u00e9s \u00e0 am\u00e9liorer l\u2019offre de soins et pallier au manque enregistr\u00e9 dans certaines sp\u00e9cialit\u00e9s.<\/strong><\/p>\n<p class=\"has-black-color has-text-color\">Dans ce sens, le ministre de la Sant\u00e9 et de la Protection sociale, Khalid A\u00eft Taleb qui \u00e9tait accompagn\u00e9 notamment du Wali de la r\u00e9gion Souss-Massa, Gouverneur de la Pr\u00e9fecture d\u2019Agadir-Ida Outanane, Ahmed Hajji et du pr\u00e9sident du Conseil de la r\u00e9gion Souss-Massa, Karim Achengli, a proc\u00e9d\u00e9 samedi, \u00e0 la commune urbaine d\u2019Agadir, \u00e0 la mise en service du centre de sant\u00e9 urbain de premier niveau \u00ab\u00a0Tariq Al Khair\u00a0\u00bb.<\/p>\n<p class=\"has-black-color has-text-color\">Mobilisant un investissement 3MDH, ce centre (440m2) est compos\u00e9e de deux salles de diagnostics m\u00e9dicaux et param\u00e9dicaux, une salle d\u2019attente, une salle de sant\u00e9 maternelle et infantile, une salle pour enfants, une salle pour les patients souffrant de tuberculose, ainsi qu\u2019une pharmacie.<\/p>\n<p class=\"has-black-color has-text-color\">Fruit d\u2019un partenariat entre le minist\u00e8re de tutelle et le groupe Al Omrane, cette structure de sant\u00e9 qui profitera \u00e0 40.000 d\u2019habitants, assure le suivi des maladies chroniques, l\u2019\u00e9ducation sanitaire et la sensibilisation, gr\u00e2ce \u00e0 un staff m\u00e9dical et infirmier compos\u00e9 de 2 m\u00e9decins, 5 infirmi\u00e8res et une sage- femme.<br \/>Au niveau de la province de Chtouka-Ait Baha, le ministre a proc\u00e9d\u00e9 au lancement du centre de diagnostic de la tuberculose et des maladies respiratoires (3,5MDH).<\/p>\n<p class=\"has-black-color has-text-color\">Premier du genre au niveau de province, ce centre est compos\u00e9 d\u2019un espace d\u2019accueil et d\u2019orientation, deux salles de consultations m\u00e9dicales, une salle de diagnostic et de soins, deux salles d\u2019examen microscopique, une salle de radiographie, une pharmacie, ainsi que des d\u00e9pendances administratives.<br \/>Au niveau de la province de Taroudant, M.A\u00eft Taleb a proc\u00e9d\u00e9 \u00e0 la mise en service du centre urbain de sant\u00e9 de deuxi\u00e8me niveau \u00ab\u00a0El Guerdane\u00a0\u00bb ( 7,6MDHs).<\/p>\n<p class=\"has-black-color has-text-color\">Cette infrastructure qui b\u00e9n\u00e9ficiera \u00e0 une population de plus de 97.000 d\u2019habitants se compose notamment d\u2019un espace d\u2019accueil, d\u2019un service de maternit\u00e9 et de sant\u00e9 reproductive, des urgences de proximit\u00e9 et un service des diagnostics m\u00e9dicaux.<\/p>\n<p class=\"has-black-color has-text-color\">Le centre est \u00e9quip\u00e9 de mat\u00e9riel m\u00e9dical et biom\u00e9dical et deux ambulances et dispose d\u2019un staff compos\u00e9 de deux m\u00e9decins, 10 infirmi\u00e8res, 2 infirmiers, 4 sages- Femmes, ainsi que des cadres techniques et administratifs.<br \/>L\u2019inauguration de ces structures de sant\u00e9 s\u2019inscrit dans le cadre de la mise \u00e0 niveau de ce secteur \u00e0 Souss-Massa et le renforcement de l\u2019offre sanitaire au niveau national.<\/p>\n<p>L\u2019article <a rel=\"nofollow\" href=\"http:\/\/albayane.press.ma\/de-nouvelles-structures-de-sante-pour-renforcer-loffre-de-soins.html\">De nouvelles structures de sant\u00e9 pour renforcer l\u2019offre de soins<\/a> est apparu en premier sur <a rel=\"nofollow\" href=\"http:\/\/albayane.press.ma\/\">ALBAYANE<\/a>.<\/p>\n<\/div>\n<p>Auteur: M&rsquo;hammed rahal<br \/>\n<a href=\"http:\/\/albayane.press.ma\/de-nouvelles-structures-de-sante-pour-renforcer-loffre-de-soins.html\">Cliquez ici pour lire l&rsquo;article depuis sa source.<\/a><\/p>\n","protected":false},"excerpt":{"rendered":"<p>Souss-Massa Les structures de sant\u00e9 au niveau de la r\u00e9gion Souss-Massa se sont renforc\u00e9es par de nouveaux projets destin\u00e9s \u00e0 am\u00e9liorer l\u2019offre de soins et pallier au manque enregistr\u00e9 dans certaines sp\u00e9cialit\u00e9s. Dans ce sens, le ministre de la Sant\u00e9 et de la Protection sociale, Khalid A\u00eft Taleb qui \u00e9tait accompagn\u00e9 notamment du Wali de [&hellip;]<\/p>\n","protected":false},"author":1760,"featured_media":0,"comment_status":"closed","ping_status":"closed","sticky":false,"template":"","format":"standard","meta":{"fifu_image_url":"","fifu_image_alt":"","footnotes":""},"categories":[73,54],"tags":[],"class_list":["post-140981","post","type-post","status-publish","format-standard","hentry","category-actualite","category-maroc"],"_links":{"self":[{"href":"https:\/\/linitiative.ca\/International\/wp-json\/wp\/v2\/posts\/140981","targetHints":{"allow":["GET"]}}],"collection":[{"href":"https:\/\/linitiative.ca\/International\/wp-json\/wp\/v2\/posts"}],"about":[{"href":"https:\/\/linitiative.ca\/International\/wp-json\/wp\/v2\/types\/post"}],"author":[{"embeddable":true,"href":"https:\/\/linitiative.ca\/International\/wp-json\/wp\/v2\/users\/1760"}],"replies":[{"embeddable":true,"href":"https:\/\/linitiative.ca\/International\/wp-json\/wp\/v2\/comments?post=140981"}],"version-history":[{"count":0,"href":"https:\/\/linitiative.ca\/International\/wp-json\/wp\/v2\/posts\/140981\/revisions"}],"wp:attachment":[{"href":"https:\/\/linitiative.ca\/International\/wp-json\/wp\/v2\/media?parent=140981"}],"wp:term":[{"taxonomy":"category","embeddable":true,"href":"https:\/\/linitiative.ca\/International\/wp-json\/wp\/v2\/categories?post=140981"},{"taxonomy":"post_tag","embeddable":true,"href":"https:\/\/linitiative.ca\/International\/wp-json\/wp\/v2\/tags?post=140981"}],"curies":[{"name":"wp","href":"https:\/\/api.w.org\/{rel}","templated":true}]}}