{"id":140982,"date":"2022-02-15T13:00:00","date_gmt":"2022-02-15T18:00:00","guid":{"rendered":"https:\/\/linitiative.ca\/International\/les-droits-des-personnes-vivant-avec-le-vih\/"},"modified":"2022-02-15T13:00:00","modified_gmt":"2022-02-15T18:00:00","slug":"les-droits-des-personnes-vivant-avec-le-vih","status":"publish","type":"post","link":"https:\/\/linitiative.ca\/International\/les-droits-des-personnes-vivant-avec-le-vih\/","title":{"rendered":"Les droits des personnes vivant avec le VIH"},"content":{"rendered":"<div>\n<p class=\"has-text-align-center has-vivid-cyan-blue-color has-text-color\"><strong>Atelier de sensibilisation des officiers de la police judiciaire<\/strong><\/p>\n<p class=\"has-black-color has-text-color\"><strong>L\u2019Institut royal de police (IRP) de K\u00e9nitra a abrit\u00e9, vendredi, un atelier de sensibilisation sur les droits des personnes vivant avec le VIH (PV VIH) et les populations cl\u00e9s plus expos\u00e9es aux risques d\u2019infection VIH (PPER), au profit des officiers de la police judiciaire.<\/strong><\/p>\n<p class=\"has-black-color has-text-color\">Organis\u00e9 par l\u2019Association de lutte contre le sida (ALCS), en partenariat avec le Conseil national des droits de l\u2019Homme (CNDH) et la Direction g\u00e9n\u00e9rale de la s\u00fbret\u00e9 nationale (DGSN), cet atelier, qui a b\u00e9n\u00e9fici\u00e9 \u00e0 25 officiers de la police judiciaire, a pour objectif de renforcer les capacit\u00e9s juridiques et r\u00e9glementaires des participants.<br \/>Privil\u00e9giant l\u2019approche genre, cette rencontre s\u2019est articul\u00e9e autour d\u2019une s\u00e9rie de th\u00e9matiques portant sur la situation \u00e9pid\u00e9miologique et la pr\u00e9vention combin\u00e9e, le plan strat\u00e9gique national de lutte contre le Sida, la discrimination, la stigmatisation et la violence bas\u00e9e sur le genre \u00e0 l\u2019\u00e9gard des PV VIH et les populations cl\u00e9s. \u00ab\u00a0La question du Sida et des droits de l\u2019Homme sont \u00e0 la crois\u00e9e de plusieurs volets notamment la sant\u00e9 et l\u2019application de la loi par les institutions concern\u00e9es\u00a0\u00bb, a affirm\u00e9 le directeur de l\u2019IRP, Ahmed Zaari, \u00e0 l\u2019ouverture des travaux de cet atelier.<br \/>Il a soulign\u00e9 que l\u2019id\u00e9e des droits humains et son application s\u2019appuient sur le respect de la dignit\u00e9 et des droits et la pr\u00e9servation des libert\u00e9s dans le cadre d\u2019une loi qui garantit ces valeurs, en tenant compte des cat\u00e9gories n\u00e9cessitant une attention particuli\u00e8re, notamment les femmes, les enfants, les personnes aux besoins sp\u00e9cifiques, ainsi que les personnes atteintes du VIH.<\/p>\n<p class=\"has-black-color has-text-color\">\u00ab\u00a0Cet atelier de sensibilisation s\u2019inscrit dans le cadre de la mise en \u0153uvre de la Strat\u00e9gie sur les droits de l\u2019Homme et le VIH\/Sida, une strat\u00e9gie lanc\u00e9e en 2013, par le minist\u00e8re de la Sant\u00e9 et le CNDH, en partenariat avec l\u2019ONU Sida\u00a0\u00bb, a indiqu\u00e9 le directeur de l\u2019ONU Sida Maroc, Kamal Alami, dans une d\u00e9claration \u00e0 la MAP.<br \/>Le Maroc a fait de grands progr\u00e8s en mati\u00e8re de pr\u00e9vention et d\u2019acc\u00e8s au traitement, le situant parmi les pays leaders dans la r\u00e9gion de l\u2019Afrique du nord et du Moyen-Orient dans le domaine de la lutte contre le VIH\/Sida, a-t-il relev\u00e9, soutenant que la Strat\u00e9gie sur les droits de l\u2019Homme constitue une nouvelle dimension dans la r\u00e9ponse au VIH.<br \/>Il a, \u00e0 cet \u00e9gard, mis en avant le r\u00f4le de la DGSN en la mati\u00e8re, assurant que cette Direction est \u00ab\u00a0un partenaire cl\u00e9 en mati\u00e8re de mise en \u0153uvre de ces strat\u00e9gies depuis de nombreuses ann\u00e9es\u00a0\u00bb.\u00a0<br \/>Dans le cadre des Objectifs de d\u00e9veloppement durable (ODD), l\u2019ONU Sida a lanc\u00e9 un nouvelle strat\u00e9gie mondiale de lutte contre le Sida pour la p\u00e9riode 2021-2026 visant \u00e0 mettre fin \u00e0 la stigmatisation, \u00e0 la discrimination et \u00e0 la violence fond\u00e9e sur le genre, d\u2019ici 2025, et \u00e0 \u00e9radiquer le VIH dans les diff\u00e9rents pays du monde en 2030, a-t-il expliqu\u00e9.<br \/>De son c\u00f4t\u00e9, Ouadah Saadia, pr\u00e9sidente de la Commission r\u00e9gionale des droits de l\u2019Homme de Casablanca-Settat, a fait savoir que le CNDH, en partenariat avec le minist\u00e8re de la Sant\u00e9, les partenaires des organisations de la soci\u00e9t\u00e9 civile et des secteurs gouvernementaux concern\u00e9s, ont d\u00e9velopp\u00e9 une Strat\u00e9gie nationale sur les droits humains et le VIH\/SIDA qui a \u00e9t\u00e9 prolong\u00e9e jusqu\u2019en 2023.<\/p>\n<p class=\"has-black-color has-text-color\">De nombreuses interventions ont \u00e9t\u00e9 r\u00e9alis\u00e9es dans le cadre de cette Strat\u00e9gie et ont permis de r\u00e9duire la stigmatisation et la discrimination \u00e0 l\u2019encontre des personnes vivant avec le VIH (PVVIH) et des populations cl\u00e9s, notamment la r\u00e9forme de l\u2019arsenal l\u00e9gislatif, l\u2019\u00e9valuation genre, l\u2019\u00e9tude stigma-index, la formation, le plaidoyer et la communication, a-t-elle not\u00e9.<br \/>Elle a salu\u00e9 dans ce sens la grande importance accord\u00e9e par la DGSN \u00e0 la question des droits de l\u2019Homme en g\u00e9n\u00e9ral, notamment \u00e0 travers l\u2019int\u00e9gration de ce volet dans le parcours de formation des femmes et des hommes de la police, en plus de l\u2019organisation de rencontres, de conf\u00e9rences et de ateliers de sensibilisation autour des diff\u00e9rents sujets en relation avec les droits humains.<br \/>M\u00eame son de cloche du c\u00f4t\u00e9 de Moulay Ahmed Douraidi, charg\u00e9 de plaidoyer et droits humains au sein de l\u2019ALCS, qui a mis en exergue le r\u00f4le de la DGSN qui \u00ab\u00a0a toujours \u00e9t\u00e9 un partenaire pour lever les obstacles et faciliter l\u2019acc\u00e8s \u00e0 la pr\u00e9vention et aux soins pour les personnes atteintes du VIH\/Sida et aux populations cl\u00e9s plus expos\u00e9es aux risques d\u2019infection\u00a0\u00bb.<\/p>\n<p class=\"has-black-color has-text-color\">Un grand travail est d\u00e9ploy\u00e9 au niveau national pour r\u00e9duire la stigmatisation et la discrimination en mati\u00e8re de lutte contre le Sida, et faire b\u00e9n\u00e9ficier les personnes vivant avec le VIH et les populations cl\u00e9s des droits consacr\u00e9s par la Constitution et les conventions internationales, \u00e0 savoir le droit \u00e0 la sant\u00e9, a-t-il affirm\u00e9.<br \/>Au Maroc, l\u2019infection au VIH est peu active en population g\u00e9n\u00e9rale avec une pr\u00e9valence tr\u00e8s faible, autour de 0.08% et un nombre des PV VIH estim\u00e9 \u00e0 21.000, dont 23% ignorent leur s\u00e9ropositivit\u00e9. Mais les pr\u00e9valences sont plus \u00e9lev\u00e9es parmi les populations dites \u00ab\u00a0populations cl\u00e9s\u00a0\u00bb qui sont les plus expos\u00e9es et les plus vuln\u00e9rables au VIH\/Sida.<br \/>Le plan strat\u00e9gique national de lutte contre le Sida du minist\u00e8re de la sant\u00e9 a clairement prioritis\u00e9 les populations cl\u00e9s, en leur pr\u00e9voyant des actions de pr\u00e9vention combin\u00e9es, dont la sensibilisation \u00e0 l\u2019adoption de comportements \u00e0 moindre risque, la mise \u00e0 disposition d\u2019outils de pr\u00e9vention, une offre de d\u00e9pistage VIH et des consultations pour infections sexuellement transmissibles.<\/p>\n<p>L\u2019article <a rel=\"nofollow\" href=\"http:\/\/albayane.press.ma\/les-droits-des-personnes-vivant-avec-le-vih.html\">Les droits des personnes vivant avec le VIH<\/a> est apparu en premier sur <a rel=\"nofollow\" href=\"http:\/\/albayane.press.ma\/\">ALBAYANE<\/a>.<\/p>\n<\/div>\n<p>Auteur: M&rsquo;hammed rahal<br \/>\n<a href=\"http:\/\/albayane.press.ma\/les-droits-des-personnes-vivant-avec-le-vih.html\">Cliquez ici pour lire l&rsquo;article depuis sa source.<\/a><\/p>\n","protected":false},"excerpt":{"rendered":"<p>Atelier de sensibilisation des officiers de la police judiciaire L\u2019Institut royal de police (IRP) de K\u00e9nitra a abrit\u00e9, vendredi, un atelier de sensibilisation sur les droits des personnes vivant avec le VIH (PV VIH) et les populations cl\u00e9s plus expos\u00e9es aux risques d\u2019infection VIH (PPER), au profit des officiers de la police judiciaire. Organis\u00e9 par [&hellip;]<\/p>\n","protected":false},"author":1760,"featured_media":0,"comment_status":"closed","ping_status":"closed","sticky":false,"template":"","format":"standard","meta":{"fifu_image_url":"","fifu_image_alt":"","footnotes":""},"categories":[73,54],"tags":[],"class_list":["post-140982","post","type-post","status-publish","format-standard","hentry","category-actualite","category-maroc"],"_links":{"self":[{"href":"https:\/\/linitiative.ca\/International\/wp-json\/wp\/v2\/posts\/140982","targetHints":{"allow":["GET"]}}],"collection":[{"href":"https:\/\/linitiative.ca\/International\/wp-json\/wp\/v2\/posts"}],"about":[{"href":"https:\/\/linitiative.ca\/International\/wp-json\/wp\/v2\/types\/post"}],"author":[{"embeddable":true,"href":"https:\/\/linitiative.ca\/International\/wp-json\/wp\/v2\/users\/1760"}],"replies":[{"embeddable":true,"href":"https:\/\/linitiative.ca\/International\/wp-json\/wp\/v2\/comments?post=140982"}],"version-history":[{"count":0,"href":"https:\/\/linitiative.ca\/International\/wp-json\/wp\/v2\/posts\/140982\/revisions"}],"wp:attachment":[{"href":"https:\/\/linitiative.ca\/International\/wp-json\/wp\/v2\/media?parent=140982"}],"wp:term":[{"taxonomy":"category","embeddable":true,"href":"https:\/\/linitiative.ca\/International\/wp-json\/wp\/v2\/categories?post=140982"},{"taxonomy":"post_tag","embeddable":true,"href":"https:\/\/linitiative.ca\/International\/wp-json\/wp\/v2\/tags?post=140982"}],"curies":[{"name":"wp","href":"https:\/\/api.w.org\/{rel}","templated":true}]}}