{"id":140983,"date":"2022-02-15T13:00:00","date_gmt":"2022-02-15T18:00:00","guid":{"rendered":"https:\/\/linitiative.ca\/International\/la-hausse-vertigineuse-des-prix-menace-lequilibre-social\/"},"modified":"2022-02-15T13:00:00","modified_gmt":"2022-02-15T18:00:00","slug":"la-hausse-vertigineuse-des-prix-menace-lequilibre-social","status":"publish","type":"post","link":"https:\/\/linitiative.ca\/International\/la-hausse-vertigineuse-des-prix-menace-lequilibre-social\/","title":{"rendered":"La hausse vertigineuse des prix menace l\u2019\u00e9quilibre social"},"content":{"rendered":"<div>\n<p class=\"has-text-align-center has-vivid-cyan-blue-color has-text-color\"><strong>Devant l\u2019incompr\u00e9hensible mutisme du gouvernement<\/strong><\/p>\n<p class=\"has-black-color has-text-color\"><strong>Depuis l\u2019arriv\u00e9e du gouvernement Akhannouch \u00e0 la gestion des affaires du pays, les citoyennes et citoyens ne cessent de se plaindre de la chert\u00e9 de la vie qui affecte gravement le panier de la m\u00e9nag\u00e8re. Les prix des produits de consommation de premi\u00e8re n\u00e9cessit\u00e9 n\u2019ont cess\u00e9 de grimper, sans pr\u00e9avis ni d\u00e9cision officielle. Le gouvernement, impuissant, laisse faire les intouchables lobbies du circuit de distribution sans r\u00e9agir.<\/strong><\/p>\n<p class=\"has-black-color has-text-color\"><strong>Ainsi, des augmentations des tarifs du transport public sont d\u00e9cid\u00e9es et entrent en vigueur, apr\u00e8s la s\u00e9rie des hausses des prix, intervenues sur de nombreux produits de grande consommation (huile, farines, pain, fruits et l\u00e9gumes, etc.). Le tout est, en vain, justifi\u00e9 officiellement par une inflation \u00e0 l\u2019international et une hausse pourtant d\u00e9lib\u00e9r\u00e9e des prix des carburants (2 dirhams de plus depuis l\u2019arriv\u00e9e d\u2019Akhannouch \u2013 ah le grand distributeur \u00e0 la t\u00eate du gouvernement\u00a0!).<\/strong><\/p>\n<p class=\"has-black-color has-text-color\"><strong>Pour preuve, un nouveau pas vient d\u2019\u00eatre franchi par le gouvernement qui avalise la d\u00e9cision prise, lundi, par l\u2019Association marocaine du transport et logistique (AMTL), consistant en une hausse de 20% des tarifs des transports publics dans le pays.<\/strong><\/p>\n<p class=\"has-black-color has-text-color\"><strong>L\u2019AMTL consid\u00e8re qu\u2019elle ne fait que r\u00e9percuter \u00ab\u00a0la flamb\u00e9e du prix du Gasoil, d\u00e9passant largement le plafond des 10dh le litre.\u00a0\u00bb\u00a0<\/strong><\/p>\n<p class=\"has-black-color has-text-color\"><strong>Inutile de dire que la F\u00e9d\u00e9ration nationale du transport multimodal, qui est membre de la CGEM et \u00e0 laquelle l\u2019AMTL est adh\u00e9rente, fera r\u00e9percuter cette hausse au niveau des autres segments du transport, notamment priv\u00e9\u2026.<\/strong><\/p>\n<p class=\"has-black-color has-text-color\"><strong>Mais ce qui est scandaleux, est le fait que le gouvernement fait la sourde oreille et ferme les yeux sur une question aussi capitale qui touche aux maigres portefeuilles non seulement des familles d\u00e9munies mais qui n\u2019\u00e9pargnent pas les classes moyennes de plus en plus paup\u00e9ris\u00e9es par un gouvernement insoucieux de la situation sociale qui se d\u00e9t\u00e9riore de jour en jour du fait de ce mutisme incompr\u00e9hensif auquel s\u2019ajoute une conjoncture, marqu\u00e9e par la pand\u00e9mie et mal g\u00e9r\u00e9e par un Ex\u00e9cutif qui n\u2019en fait qu\u2019\u00e0 sa t\u00eate et semble ne pas vouloir en sortir.<\/strong><\/p>\n<p class=\"has-black-color has-text-color\"><strong>C\u2019est dire que les Marocaines et les Marocains, avec ce gouvernement, ne sont pas sortis de l\u2019auberge.<\/strong><\/p>\n<p class=\"has-black-color has-text-color\"><strong>D\u2019ailleurs, cet Ex\u00e9cutif fait toujours la sourde oreille \u00e0 la demande faite par les partis de l\u2019opposition invitant le chef du gouvernement \u00e0 s\u2019expliquer sur ces hausses abusives, sachant\u00a0 surtout que la hausse des carburants a d\u00e9pass\u00e9 le plafond des 10 dirhams pourtant d\u00e9cid\u00e9 officiellement.<\/strong><\/p>\n<p class=\"has-black-color has-text-color\"><strong>Va-t-il falloir attendre le pourrissement de la situation sociale pour r\u00e9agir, sur le tard\u00a0? D\u00e9j\u00e0 lundi, des milliers de citoyens ont d\u00e9fil\u00e9 \u00e0 Casablanca pour r\u00e9clamer l\u2019arr\u00eat imm\u00e9diat de ces hausses vertigineuses arbitraires. Personne ne pourra en pr\u00e9voir la suite. C\u2019est une alerte s\u00e9rieuse.<\/strong><\/p>\n<p class=\"has-vivid-red-color has-text-color\"><strong>Mohamed Khalil<\/strong><\/p>\n<p>L\u2019article <a rel=\"nofollow\" href=\"http:\/\/albayane.press.ma\/la-hausse-vertigineuse-des-prix-menace-lequilibre-social.html\">La hausse vertigineuse des prix menace l\u2019\u00e9quilibre social<\/a> est apparu en premier sur <a rel=\"nofollow\" href=\"http:\/\/albayane.press.ma\/\">ALBAYANE<\/a>.<\/p>\n<\/div>\n<p>Auteur: M&rsquo;hammed rahal<br \/>\n<a href=\"http:\/\/albayane.press.ma\/la-hausse-vertigineuse-des-prix-menace-lequilibre-social.html\">Cliquez ici pour lire l&rsquo;article depuis sa source.<\/a><\/p>\n","protected":false},"excerpt":{"rendered":"<p>Devant l\u2019incompr\u00e9hensible mutisme du gouvernement Depuis l\u2019arriv\u00e9e du gouvernement Akhannouch \u00e0 la gestion des affaires du pays, les citoyennes et citoyens ne cessent de se plaindre de la chert\u00e9 de la vie qui affecte gravement le panier de la m\u00e9nag\u00e8re. Les prix des produits de consommation de premi\u00e8re n\u00e9cessit\u00e9 n\u2019ont cess\u00e9 de grimper, sans pr\u00e9avis [&hellip;]<\/p>\n","protected":false},"author":1760,"featured_media":0,"comment_status":"closed","ping_status":"closed","sticky":false,"template":"","format":"standard","meta":{"fifu_image_url":"","fifu_image_alt":"","footnotes":""},"categories":[73,54],"tags":[],"class_list":["post-140983","post","type-post","status-publish","format-standard","hentry","category-actualite","category-maroc"],"_links":{"self":[{"href":"https:\/\/linitiative.ca\/International\/wp-json\/wp\/v2\/posts\/140983","targetHints":{"allow":["GET"]}}],"collection":[{"href":"https:\/\/linitiative.ca\/International\/wp-json\/wp\/v2\/posts"}],"about":[{"href":"https:\/\/linitiative.ca\/International\/wp-json\/wp\/v2\/types\/post"}],"author":[{"embeddable":true,"href":"https:\/\/linitiative.ca\/International\/wp-json\/wp\/v2\/users\/1760"}],"replies":[{"embeddable":true,"href":"https:\/\/linitiative.ca\/International\/wp-json\/wp\/v2\/comments?post=140983"}],"version-history":[{"count":0,"href":"https:\/\/linitiative.ca\/International\/wp-json\/wp\/v2\/posts\/140983\/revisions"}],"wp:attachment":[{"href":"https:\/\/linitiative.ca\/International\/wp-json\/wp\/v2\/media?parent=140983"}],"wp:term":[{"taxonomy":"category","embeddable":true,"href":"https:\/\/linitiative.ca\/International\/wp-json\/wp\/v2\/categories?post=140983"},{"taxonomy":"post_tag","embeddable":true,"href":"https:\/\/linitiative.ca\/International\/wp-json\/wp\/v2\/tags?post=140983"}],"curies":[{"name":"wp","href":"https:\/\/api.w.org\/{rel}","templated":true}]}}