{"id":140984,"date":"2022-02-15T13:00:00","date_gmt":"2022-02-15T18:00:00","guid":{"rendered":"https:\/\/linitiative.ca\/International\/le-maroc-a-besoin-dun-plan-anti-secheresse-cest-urgent\/"},"modified":"2022-02-15T13:00:00","modified_gmt":"2022-02-15T18:00:00","slug":"le-maroc-a-besoin-dun-plan-anti-secheresse-cest-urgent","status":"publish","type":"post","link":"https:\/\/linitiative.ca\/International\/le-maroc-a-besoin-dun-plan-anti-secheresse-cest-urgent\/","title":{"rendered":"Le Maroc a besoin d\u2019un plan anti-s\u00e9cheresse, c\u2019est urgent !"},"content":{"rendered":"<div>\n<p class=\"has-black-color has-text-color\"><strong>La s\u00e9cheresse est l\u00e0. C\u2019est d\u00e9sormais une certitude. Le ciel nous envoie des signaux chaque jour dans ce sens. Les pr\u00e9visions m\u00e9t\u00e9orologiques le confirment. Les scientifiques qui s\u2019int\u00e9ressent au climat constatent une \u00e9volution nette dans le cycle climatique dans notre pays. Alors que par le pass\u00e9, on avait en moyenne une ann\u00e9e de s\u00e9cheresse tous les dix ans, ce d\u00e9lai est divis\u00e9 par pr\u00e8s de trois, soit une ann\u00e9e de s\u00e9cheresse tous les 3-4 ans. \u00a0Cette donn\u00e9e structurelle nous impose de revoir un certain nombre de pratiques et de remettre en cause une s\u00e9rie de politiques publiques \u00e0 l\u2019\u0153uvre et en particulier notre rapport \u00e0 l\u2019eau et notre mod\u00e8le de d\u00e9veloppement agricole. C\u2019est un probl\u00e8me s\u00e9rieux qui n\u00e9cessite que l\u2019on s\u2019y arr\u00eate. Un probl\u00e8me qui m\u00e9rite plus qu\u2019une r\u00e9union des commissions parlementaires, mais un vrai d\u00e9bat national qui d\u00e9passerait le clivage majorit\u00e9-opposition.<\/strong><\/p>\n<p class=\"has-black-color has-text-color\">Pour l\u2019heure, face \u00e0 l\u2019urgence, le gouvernement doit sortir de son attentisme injustifi\u00e9. Non pour nous dire qu\u2019il \u00ab\u00a0suit de pr\u00e8s l\u2019\u00e9volution de la situation\u00a0\u00bb, mais pour prendre des mesures concr\u00e8tes et venir en aide \u00e0 ceux qui souffrent dans la solitude, \u00e0 ceux qui subissent dans l\u2019indiff\u00e9rence les affres de la loi infernale de l\u2019offre et de la demande, \u00e0 ceux qui assistent impuissants \u00e0 l\u2019ass\u00e9chement des sources d\u2019eau et au manque patent du p\u00e2turage de leur maigre cheptel. Pour cela, le gouvernement n\u2019a pas \u00e0 imaginer des solutions, elles sont d\u00e9j\u00e0 l\u00e0.\u00a0 Dans les tiroirs de l\u2019administration. \u00a0On y trouve pas moins de cinq plans anti-s\u00e9cheresse d\u00e9taill\u00e9s. Il faudrait, par cons\u00e9quent, s\u2019en inspirer en contextualisant et en y apportant quelques modifications en fonction des besoins exprim\u00e9s par la population concern\u00e9e et de l\u2019ampleur du ph\u00e9nom\u00e8ne. D\u2019autres informations sont disponibles aupr\u00e8s de l\u2019administration territoriale qui suit au jour le jour la situation dans ses moindres d\u00e9tails.<\/p>\n<p class=\"has-black-color has-text-color\">Il s\u2019agit, \u00e0 titre indicatif : d\u2019assurer l\u2019approvisionnement en eau potable des populations concern\u00e9es aussi bien dans le monde rural que dans le monde urbain\u00a0; de sauvegarder le cheptel en distribuant des aliments gratuitement ou \u00e0 des prix subventionn\u00e9s aux paysans\u00a0; de cr\u00e9er des activit\u00e9s g\u00e9n\u00e9ratrices de revenus au b\u00e9n\u00e9fice de la population rurale\u00a0; de reporter le remboursement des \u00e9ch\u00e9ances du cr\u00e9dit agricole\u00a0\u2026.Le\u00a0 tout doit \u00eatre fait dans la transparence\u00a0 et sans favoritisme aucun\u00a0!<\/p>\n<p class=\"has-black-color has-text-color\">C\u2019est l\u2019occasion aussi de faire le point sur la mise en \u0153uvre des diff\u00e9rentes strat\u00e9gies et plans nationaux de gestion de l\u2019eau. Le dernier date de 2020 et couvre la p\u00e9riode 2020-2050. On y trouve une masse consid\u00e9rable d\u2019informations et des enveloppes financi\u00e8res consistantes. \u00a0Le programme national d\u2019approvisionnement en eau potable et l\u2019irrigation 2020-2027, pr\u00e9voit une enveloppe globale de 115,4 MM DH destin\u00e9e \u00e0 agir \u00e0 la fois sur l\u2019offre et sur la demande. Au niveau de l\u2019offre, l\u2019effort portera sur\u00a0 \u00a0la poursuite de la construction des grands barrages et le lancement de 20 nouveaux ouvrages, la mise en \u0153uvre de plans de dessalement de l\u2019eau de mer avec la construction de trois nouvelles stations, la construction de barrages collinaires. Au niveau de la demande, il est pr\u00e9vu\u00a0:\u00a0\u00a0 la poursuite des efforts des op\u00e9rateurs de distribution de l\u2019eau potable pour l\u2019am\u00e9lioration des rendements des r\u00e9seaux de distribution des villes et centres urbains ; la poursuite de la modernisation des r\u00e9seaux d\u2019irrigation et de la reconversion collective \u00e0 l\u2019irrigation localis\u00e9e ; la r\u00e9alisation de l\u2019am\u00e9nagement hydro-agricole des p\u00e9rim\u00e8tres irrigu\u00e9s (plaine du Gharb et Saiss). En outre, et c\u2019est un point particuli\u00e8rement important, il est pr\u00e9vu l\u2019\u00e9puration des eaux us\u00e9es en vue notamment d\u2019arroser les 21 terrains de golf dont il convient, soit dit en passant, de proc\u00e9der \u00e0 l\u2019\u00e9valuation de leur rentabilit\u00e9 \u00e9conomique et leur utilit\u00e9 sociale. \u00a0Enfin, l\u2019accent est mis sur la sensibilisation et la communication pour le changement de comportement visant le grand public. Qui trouvera \u00e0 redire\u00a0?<\/p>\n<p class=\"has-black-color has-text-color\">Si ce plan a l\u2019air d\u2019\u00eatre parfait sans \u00eatre exemplaire, on ne peut qu\u2019esp\u00e9rer sa mise en \u0153uvre effective dans les d\u00e9lais impartis.\u00a0 Toutefois, il y a lieu de poser une probl\u00e9matique souvent ignor\u00e9e et jamais d\u00e9battue, \u00e0 savoir la probl\u00e9matique de notre mod\u00e8le de d\u00e9veloppement agricole en relation avec la \u00ab\u00a0question hydraulique\u00a0\u00bb. En effet, quand on sait que 85% de nos ressources disponibles en eaux sont utilis\u00e9es dans l\u2019agriculture, il est l\u00e9gitime de nous interroger sur la pertinence de ce mod\u00e8le ainsi que les finalit\u00e9s de notre politique des barrages dans ce nouveau contexte de rar\u00e9faction des ressources hydriques. La logique des ann\u00e9es 60 n\u2019est plus valable de nos jours et ce \u00e0 plusieurs points de vue.\u00a0 Ainsi, si nos ressources en eaux \u00e9taient de 2500 m\u00e8tres cube par habitant dans les ann\u00e9es 60, elles ne sont plus aujourd\u2019hui que de 500 m\u00e8tres cube.\u00a0 Par ailleurs, il est utile de rappeler que le lancement de la politique des grands barrages dans les ann\u00e9es 60 \u00e9tait intimement li\u00e9 \u00e0 l\u2019objectif d\u2019un million d\u2019hectares \u00e0 irriguer d\u00e9tenus essentiellement, faut-il le souligne, par les gros exploitants et dont la production est destin\u00e9e en premier lieu \u00e0 l\u2019exportation. Le mod\u00e8le agro-exportateur \u00e0 l\u2019\u0153uvre est b\u00e2ti sur les p\u00e9rim\u00e8tres irrigu\u00e9s. Ce qui revient \u00e0 dire qu\u2019en exportant des produits agricoles, on exporte indirectement une ressource rare et un bien public, en l\u2019occurrence l\u2019eau, dont la population a \u00e9norm\u00e9ment besoin.\u00a0<\/p>\n<p class=\"has-black-color has-text-color\">Or, le Maroc d\u2019aujourd\u2019hui n\u2019est plus le m\u00eame que celui d\u2019antan\u00a0: de nouvelles g\u00e9n\u00e9rations, de nouveaux besoins, une nouvelle constitution\u2026Bref, on n\u2019est plus dans la posture du Maroc tel qu\u2019il a \u00e9t\u00e9 analys\u00e9 ni par Waterbury (Le Commandeur des Croyants) \u00e0 travers le prisme de la th\u00e9orie de la segmentarit\u00e9, ni par R\u00e9my Leveau (le fellah marocain d\u00e9fenseur du tr\u00f4ne) en consid\u00e9rant la ruralit\u00e9 comme facteur d\u00e9terminant. \u00a0Malheureusement, le Plan Maroc Vert tout comme la strat\u00e9gie \u00abG\u00e9n\u00e9ration green 2020-2030\u00a0\u00bb qui lui a succ\u00e9d\u00e9 sont rest\u00e9s prisonniers d\u2019une vision pass\u00e9iste et \u00a0n\u2019ont pas int\u00e9gr\u00e9 ces transformations qualitatives des structures socio-politiques et socio-\u00e9conomiques de notre pays.<\/p>\n<p>L\u2019article <a rel=\"nofollow\" href=\"http:\/\/albayane.press.ma\/le-maroc-a-besoin-dun-plan-anti-secheresse-cest-urgent.html\">Le Maroc a besoin d\u2019un plan anti-s\u00e9cheresse, c\u2019est urgent !<\/a> est apparu en premier sur <a rel=\"nofollow\" href=\"http:\/\/albayane.press.ma\/\">ALBAYANE<\/a>.<\/p>\n<\/div>\n<p>Auteur: M&rsquo;hammed rahal<br \/>\n<a href=\"http:\/\/albayane.press.ma\/le-maroc-a-besoin-dun-plan-anti-secheresse-cest-urgent.html\">Cliquez ici pour lire l&rsquo;article depuis sa source.<\/a><\/p>\n","protected":false},"excerpt":{"rendered":"<p>La s\u00e9cheresse est l\u00e0. C\u2019est d\u00e9sormais une certitude. Le ciel nous envoie des signaux chaque jour dans ce sens. Les pr\u00e9visions m\u00e9t\u00e9orologiques le confirment. Les scientifiques qui s\u2019int\u00e9ressent au climat constatent une \u00e9volution nette dans le cycle climatique dans notre pays. Alors que par le pass\u00e9, on avait en moyenne une ann\u00e9e de s\u00e9cheresse tous [&hellip;]<\/p>\n","protected":false},"author":1760,"featured_media":0,"comment_status":"closed","ping_status":"closed","sticky":false,"template":"","format":"standard","meta":{"fifu_image_url":"","fifu_image_alt":"","footnotes":""},"categories":[73,54],"tags":[],"class_list":["post-140984","post","type-post","status-publish","format-standard","hentry","category-actualite","category-maroc"],"_links":{"self":[{"href":"https:\/\/linitiative.ca\/International\/wp-json\/wp\/v2\/posts\/140984","targetHints":{"allow":["GET"]}}],"collection":[{"href":"https:\/\/linitiative.ca\/International\/wp-json\/wp\/v2\/posts"}],"about":[{"href":"https:\/\/linitiative.ca\/International\/wp-json\/wp\/v2\/types\/post"}],"author":[{"embeddable":true,"href":"https:\/\/linitiative.ca\/International\/wp-json\/wp\/v2\/users\/1760"}],"replies":[{"embeddable":true,"href":"https:\/\/linitiative.ca\/International\/wp-json\/wp\/v2\/comments?post=140984"}],"version-history":[{"count":0,"href":"https:\/\/linitiative.ca\/International\/wp-json\/wp\/v2\/posts\/140984\/revisions"}],"wp:attachment":[{"href":"https:\/\/linitiative.ca\/International\/wp-json\/wp\/v2\/media?parent=140984"}],"wp:term":[{"taxonomy":"category","embeddable":true,"href":"https:\/\/linitiative.ca\/International\/wp-json\/wp\/v2\/categories?post=140984"},{"taxonomy":"post_tag","embeddable":true,"href":"https:\/\/linitiative.ca\/International\/wp-json\/wp\/v2\/tags?post=140984"}],"curies":[{"name":"wp","href":"https:\/\/api.w.org\/{rel}","templated":true}]}}