{"id":140985,"date":"2022-02-15T13:00:00","date_gmt":"2022-02-15T18:00:00","guid":{"rendered":"https:\/\/linitiative.ca\/International\/la-refonte-du-culte\/"},"modified":"2022-02-15T13:00:00","modified_gmt":"2022-02-15T18:00:00","slug":"la-refonte-du-culte","status":"publish","type":"post","link":"https:\/\/linitiative.ca\/International\/la-refonte-du-culte\/","title":{"rendered":"La refonte du culte !"},"content":{"rendered":"<div>\n<p class=\"has-black-color has-text-color\"><strong>On aura fort appr\u00e9ci\u00e9 l\u2019int\u00e9r\u00eat que porte notre pays en mati\u00e8re de r\u00e9habilitation du champ religieux. Cette refonte cultuelle qui s\u2019ins\u00e8re, en fait, dans la dynamique continue de restructurer les fondements de la vie soci\u00e9tale, permet d\u2019asseoir les valeurs de la tol\u00e9rance et de la mod\u00e9ration s\u00e9culaires de la nation et de faire face aux d\u00e9rives et aux d\u00e9rapages. En effet, depuis une \u00e9ternit\u00e9, le Maroc a toujours fait preuve de coexistence et d\u2019acception et men\u00e9 sa vie religieuse dans la paix et la s\u00e9r\u00e9nit\u00e9. Jusqu\u2019au moment o\u00f9 des manies \u00e9trang\u00e8res \u00ab infestent \u00bb notre quotidien. C\u2019est ainsi que des bizarreries au niveau des aspects corporel, comportemental et vestimentaire, d\u00e9figurent voire ali\u00e8nent syst\u00e9matiquement les fid\u00e8les, avec des barbes drues, des cagoules macabres, des tuniques funestes, des sandales crasseuses\u2026 A voir ces cr\u00e9atures fades d\u00e9ambuler dans notre v\u00e9cu convivial, on se croirait plut\u00f4t au sein d\u2019une secte\u00a0 afghane. Cette invasion lugubre prend de plus en plus de l\u2019ampleur chez les jeunes qui sombrent dans la soumission et la v\u00e9n\u00e9ration excessives. Et les actes terroristes ne tardent pas \u00e0 \u00e9clater dans nombre de nos recoins o\u00f9 la \u00ab promiscuit\u00e9 \u00bb religieuse s\u2019accapare les cervelles juv\u00e9niles. Et c\u2019est la premi\u00e8re fois que le ph\u00e9nom\u00e8ne des kamikazes import\u00e9, apr\u00e8s des si\u00e8cles de qui\u00e9tude, obnubile les fanatiques veules. Les pr\u00e9ceptes religieux qui ont \u00e9t\u00e9 compl\u00e9mentent vid\u00e9s de leur sens et leur essence se r\u00e9pandaient, \u00e0 travers des groupuscules semant la terreur parmi les citoyens, alors que d\u2019autres, profitant de la d\u00e9ch\u00e9ance sociale, arborent l\u2019alternative religieuse sans projet de soci\u00e9t\u00e9 et \u00e0 des fins politiciennes. Notre pays a donc raison de red\u00e9finir son paysage de culte, par des mesures de standardisation dans les lieux saints et de cadrage stricte des rapports intercommunaux, en attendant des d\u00e9marches beaucoup plus \u00ab os\u00e9es\u00bb, en termes de distinction claire et tol\u00e9r\u00e9e dans la vie quotidienne des groupes et des individus, de nature \u00e0 limiter les pratiques th\u00e9ologiennes sournoises au niveau cultuel, sans empi\u00e9tement ni chevauchement dans la vie active. De toute \u00e9vidence, l\u2019Etat a un r\u00f4le pr\u00e9pond\u00e9rant \u00e0 jouer dans cette nouvelle \u00e9quation pour l\u2019\u00e9dification d\u2019une soci\u00e9t\u00e9 o\u00f9 les croyances seront prot\u00e9g\u00e9es sans qu\u2019elles ne prennent l\u2019ascendant sur le cours imp\u00e9ratif du d\u00e9veloppement. On rappellera non sans amertume et indignation qu\u2019on avait \u00abrecr\u00e9\u00e9\u00bb des cr\u00e9atures religieuses afin de contrecarrer le \u00ab danger \u00bb des id\u00e9es modernistes et progressistes du mouvement national. Mais, c\u2019\u00e9tait sans compter sur le v\u00e9ritable danger du fanatisme qui prenait forme et se constituait non seulement en une entrave pour la modernit\u00e9 et le progr\u00e8s, mais \u00e9galement pour la stabilit\u00e9 et la constance du r\u00e9gime. C\u2019est ce qu\u2019on appelle dans la maxime courante, \u00ab la magie s\u2019est retourn\u00e9e contre le magicien \u00bb. Il serait judicieux de rectifier sa b\u00eatise pour pr\u00e9server sa propre existence et celle d\u2019une entit\u00e9 nationale qui\u00e8te et op\u00e9rante, des si\u00e8cles durant. On d\u00e9plorera dans ce sens les mauvaises manies qui s\u00e9vissent encore dans la vie culturelle diversifi\u00e9e o\u00f9 on exploite la moindre occasion pour instrumentaliser la religion \u00e0 des fins \u00e9lectoralistes abjectes. C\u2019est insens\u00e9 de noyer les jeunes dans l\u2019endoctrinement born\u00e9 et r\u00e9ducteur,\u00a0 sans s\u2019ouvrir sur d\u2019autres horizons afin justement de traduire r\u00e9ellement cette notion de soci\u00e9t\u00e9 marocaine tol\u00e9rante, ouverte et plurielle dans le respect absolu de l\u2019unit\u00e9 nationale.<\/strong><\/p>\n<p>L\u2019article <a rel=\"nofollow\" href=\"http:\/\/albayane.press.ma\/la-refonte-du-culte.html\">La refonte du culte !<\/a> est apparu en premier sur <a rel=\"nofollow\" href=\"http:\/\/albayane.press.ma\/\">ALBAYANE<\/a>.<\/p>\n<\/div>\n<p>Auteur: M&rsquo;hammed rahal<br \/>\n<a href=\"http:\/\/albayane.press.ma\/la-refonte-du-culte.html\">Cliquez ici pour lire l&rsquo;article depuis sa source.<\/a><\/p>\n","protected":false},"excerpt":{"rendered":"<p>On aura fort appr\u00e9ci\u00e9 l\u2019int\u00e9r\u00eat que porte notre pays en mati\u00e8re de r\u00e9habilitation du champ religieux. Cette refonte cultuelle qui s\u2019ins\u00e8re, en fait, dans la dynamique continue de restructurer les fondements de la vie soci\u00e9tale, permet d\u2019asseoir les valeurs de la tol\u00e9rance et de la mod\u00e9ration s\u00e9culaires de la nation et de faire face aux [&hellip;]<\/p>\n","protected":false},"author":1760,"featured_media":0,"comment_status":"closed","ping_status":"closed","sticky":false,"template":"","format":"standard","meta":{"fifu_image_url":"","fifu_image_alt":"","footnotes":""},"categories":[73,54],"tags":[],"class_list":["post-140985","post","type-post","status-publish","format-standard","hentry","category-actualite","category-maroc"],"_links":{"self":[{"href":"https:\/\/linitiative.ca\/International\/wp-json\/wp\/v2\/posts\/140985","targetHints":{"allow":["GET"]}}],"collection":[{"href":"https:\/\/linitiative.ca\/International\/wp-json\/wp\/v2\/posts"}],"about":[{"href":"https:\/\/linitiative.ca\/International\/wp-json\/wp\/v2\/types\/post"}],"author":[{"embeddable":true,"href":"https:\/\/linitiative.ca\/International\/wp-json\/wp\/v2\/users\/1760"}],"replies":[{"embeddable":true,"href":"https:\/\/linitiative.ca\/International\/wp-json\/wp\/v2\/comments?post=140985"}],"version-history":[{"count":0,"href":"https:\/\/linitiative.ca\/International\/wp-json\/wp\/v2\/posts\/140985\/revisions"}],"wp:attachment":[{"href":"https:\/\/linitiative.ca\/International\/wp-json\/wp\/v2\/media?parent=140985"}],"wp:term":[{"taxonomy":"category","embeddable":true,"href":"https:\/\/linitiative.ca\/International\/wp-json\/wp\/v2\/categories?post=140985"},{"taxonomy":"post_tag","embeddable":true,"href":"https:\/\/linitiative.ca\/International\/wp-json\/wp\/v2\/tags?post=140985"}],"curies":[{"name":"wp","href":"https:\/\/api.w.org\/{rel}","templated":true}]}}