{"id":140986,"date":"2022-02-16T06:30:00","date_gmt":"2022-02-16T11:30:00","guid":{"rendered":"https:\/\/linitiative.ca\/International\/djamila-boupacha-confirme-son-refus\/"},"modified":"2022-02-16T06:30:00","modified_gmt":"2022-02-16T11:30:00","slug":"djamila-boupacha-confirme-son-refus","status":"publish","type":"post","link":"https:\/\/linitiative.ca\/International\/djamila-boupacha-confirme-son-refus\/","title":{"rendered":"Djamila Boupacha confirme son refus"},"content":{"rendered":"<div>Djamila Boupacha a confirm\u00e9, dans une d\u00e9claration \u00e0 LIBERT\u00c9-Digital aujourd&rsquo;hui, mercredi 16 f\u00e9vrier, son refus d&rsquo;\u00eatre membre du tiers pr\u00e9sidentiel du Conseil de la Nation.<\/div>\n<p>Auteur:<br \/>\n<a href=\"https:\/\/www.liberte-algerie.com\/actualite\/djamila-boupacha-confirme-son-refus-373449\">Cliquez ici pour lire l&rsquo;article depuis sa source.<\/a><\/p>\n","protected":false},"excerpt":{"rendered":"<p>Djamila Boupacha a confirm\u00e9, dans une d\u00e9claration \u00e0 LIBERT\u00c9-Digital aujourd&rsquo;hui, mercredi 16 f\u00e9vrier, son refus d&rsquo;\u00eatre membre du tiers pr\u00e9sidentiel du Conseil de la Nation. Auteur: Cliquez ici pour lire l&rsquo;article depuis sa source.<\/p>\n","protected":false},"author":1742,"featured_media":0,"comment_status":"closed","ping_status":"closed","sticky":false,"template":"","format":"standard","meta":{"fifu_image_url":"","fifu_image_alt":"","footnotes":""},"categories":[73,53],"tags":[],"class_list":["post-140986","post","type-post","status-publish","format-standard","hentry","category-actualite","category-algerie"],"_links":{"self":[{"href":"https:\/\/linitiative.ca\/International\/wp-json\/wp\/v2\/posts\/140986","targetHints":{"allow":["GET"]}}],"collection":[{"href":"https:\/\/linitiative.ca\/International\/wp-json\/wp\/v2\/posts"}],"about":[{"href":"https:\/\/linitiative.ca\/International\/wp-json\/wp\/v2\/types\/post"}],"author":[{"embeddable":true,"href":"https:\/\/linitiative.ca\/International\/wp-json\/wp\/v2\/users\/1742"}],"replies":[{"embeddable":true,"href":"https:\/\/linitiative.ca\/International\/wp-json\/wp\/v2\/comments?post=140986"}],"version-history":[{"count":0,"href":"https:\/\/linitiative.ca\/International\/wp-json\/wp\/v2\/posts\/140986\/revisions"}],"wp:attachment":[{"href":"https:\/\/linitiative.ca\/International\/wp-json\/wp\/v2\/media?parent=140986"}],"wp:term":[{"taxonomy":"category","embeddable":true,"href":"https:\/\/linitiative.ca\/International\/wp-json\/wp\/v2\/categories?post=140986"},{"taxonomy":"post_tag","embeddable":true,"href":"https:\/\/linitiative.ca\/International\/wp-json\/wp\/v2\/tags?post=140986"}],"curies":[{"name":"wp","href":"https:\/\/api.w.org\/{rel}","templated":true}]}}