{"id":140988,"date":"2022-02-16T12:55:21","date_gmt":"2022-02-16T17:55:21","guid":{"rendered":"https:\/\/linitiative.ca\/International\/ecole-de-la-2e-chance-la-province-de-rehamna-un-modele-a-suivre\/"},"modified":"2022-02-16T12:55:21","modified_gmt":"2022-02-16T17:55:21","slug":"ecole-de-la-2e-chance-la-province-de-rehamna-un-modele-a-suivre","status":"publish","type":"post","link":"https:\/\/linitiative.ca\/International\/ecole-de-la-2e-chance-la-province-de-rehamna-un-modele-a-suivre\/","title":{"rendered":"Ecole de la 2\u00e8 chance: La province de Rehamna, un mod\u00e8le \u00e0 suivre"},"content":{"rendered":"<div>\n<div style=\"margin-bottom:20px;\"><img loading=\"lazy\" decoding=\"async\" width=\"750\" height=\"430\" src=\"https:\/\/linitiative.ca\/International\/wp-content\/uploads\/sites\/23\/2022\/02\/video-10.jpg\" class=\"attachment-post-thumbnail size-post-thumbnail wp-post-image\" alt=\"\" srcset=\"https:\/\/linitiative.ca\/International\/wp-content\/uploads\/sites\/23\/2022\/02\/video-10.jpg 750w, https:\/\/www.mapmarrakech.ma\/map\/uploads\/2022\/02\/video-10-300x172.jpg 300w\" sizes=\"auto, (max-width: 750px) 100vw, 750px\"><\/div>\n<p>The post <a rel=\"nofollow\" href=\"https:\/\/www.mapmarrakech.ma\/fr\/ecole-de-la-2e-chance-la-province-de-rehamna-un-modele-a-suivre-2\/\">Ecole de la 2\u00e8 chance: La province de Rehamna, un mod\u00e8le \u00e0 suivre<\/a> appeared first on <a rel=\"nofollow\" href=\"https:\/\/www.mapmarrakech.ma\/fr\">MapMarrakech<\/a>.<\/p>\n<\/div>\n<p>Auteur: Meriem IGASS<br \/>\n<a href=\"https:\/\/www.mapmarrakech.ma\/fr\/ecole-de-la-2e-chance-la-province-de-rehamna-un-modele-a-suivre-2\/\">Cliquez ici pour lire l&rsquo;article depuis sa source.<\/a><\/p>\n","protected":false},"excerpt":{"rendered":"<p>The post Ecole de la 2\u00e8 chance: La province de Rehamna, un mod\u00e8le \u00e0 suivre appeared first on MapMarrakech. Auteur: Meriem IGASS Cliquez ici pour lire l&rsquo;article depuis sa source.<\/p>\n","protected":false},"author":1788,"featured_media":0,"comment_status":"closed","ping_status":"closed","sticky":false,"template":"","format":"standard","meta":{"fifu_image_url":"https:\/\/www.mapmarrakech.ma\/map\/uploads\/2022\/02\/video-10.jpg","fifu_image_alt":"Ecole de la 2\u00e8 chance: La province de Rehamna, un mod\u00e8le \u00e0 suivre","footnotes":""},"categories":[54,76],"tags":[],"class_list":["post-140988","post","type-post","status-publish","format-standard","hentry","category-maroc","category-regions"],"_links":{"self":[{"href":"https:\/\/linitiative.ca\/International\/wp-json\/wp\/v2\/posts\/140988","targetHints":{"allow":["GET"]}}],"collection":[{"href":"https:\/\/linitiative.ca\/International\/wp-json\/wp\/v2\/posts"}],"about":[{"href":"https:\/\/linitiative.ca\/International\/wp-json\/wp\/v2\/types\/post"}],"author":[{"embeddable":true,"href":"https:\/\/linitiative.ca\/International\/wp-json\/wp\/v2\/users\/1788"}],"replies":[{"embeddable":true,"href":"https:\/\/linitiative.ca\/International\/wp-json\/wp\/v2\/comments?post=140988"}],"version-history":[{"count":0,"href":"https:\/\/linitiative.ca\/International\/wp-json\/wp\/v2\/posts\/140988\/revisions"}],"wp:attachment":[{"href":"https:\/\/linitiative.ca\/International\/wp-json\/wp\/v2\/media?parent=140988"}],"wp:term":[{"taxonomy":"category","embeddable":true,"href":"https:\/\/linitiative.ca\/International\/wp-json\/wp\/v2\/categories?post=140988"},{"taxonomy":"post_tag","embeddable":true,"href":"https:\/\/linitiative.ca\/International\/wp-json\/wp\/v2\/tags?post=140988"}],"curies":[{"name":"wp","href":"https:\/\/api.w.org\/{rel}","templated":true}]}}