{"id":140990,"date":"2022-02-16T13:30:54","date_gmt":"2022-02-16T18:30:54","guid":{"rendered":"https:\/\/linitiative.ca\/International\/match-nul-entre-lolympic-de-safi-et-la-renaissance-de-berkane-0-0\/"},"modified":"2022-02-16T13:30:54","modified_gmt":"2022-02-16T18:30:54","slug":"match-nul-entre-lolympic-de-safi-et-la-renaissance-de-berkane-0-0","status":"publish","type":"post","link":"https:\/\/linitiative.ca\/International\/match-nul-entre-lolympic-de-safi-et-la-renaissance-de-berkane-0-0\/","title":{"rendered":"Match nul entre l\u2019Olympic de Safi et la Renaissance de Berkane (0-0)"},"content":{"rendered":"<div>\n<div style=\"margin-bottom:20px;\"><img loading=\"lazy\" decoding=\"async\" width=\"750\" height=\"430\" src=\"https:\/\/linitiative.ca\/International\/wp-content\/uploads\/sites\/23\/2022\/02\/RSB-vs-USBG-750C397430-MAP.jpg\" class=\"attachment-post-thumbnail size-post-thumbnail wp-post-image\" alt=\"\" srcset=\"https:\/\/linitiative.ca\/International\/wp-content\/uploads\/sites\/23\/2022\/02\/RSB-vs-USBG-750C397430-MAP.jpg 750w, https:\/\/www.mapoujda.ma\/map\/uploads\/2021\/11\/RSB-vs-USBG-750\u00d7430-MAP-300x172.jpg 300w\" sizes=\"auto, (max-width: 750px) 100vw, 750px\"><\/div>\n<div>\n<p style=\"text-align: justify;\">L\u2019Olympic de Safi (OCS) et la Renaissance de Berkane (RSB) se sont neutralis\u00e9s (0-0), mercredi au stade El Massira de Safi, dans le cadre de la 17e journ\u00e9e de la Botola Pro D1 \u00ab\u00a0Inwi\u00a0\u00bb.<\/p>\n<p style=\"text-align: justify;\">Durant la saison pr\u00e9c\u00e9dente, les Berkanis avaient nettement battu l\u2019OCS \u00e0 l\u2019occasion de la 25e journ\u00e9e (3-0), tandis que les deux clubs avaient fait match nul dans le cadre de la 10e journ\u00e9e (0-0).<\/p>\n<p style=\"text-align: justify;\">Suite \u00e0 cette rencontre, l\u2019OCS grimpe \u00e0 la 13e place avec 17 points, tandis que la formation berkanie, 25 points, se hisse \u00e0 la quatri\u00e8me place du classement.<\/p>\n<p style=\"text-align: justify;\">Pour la prochaine journ\u00e9e de Botola Pro D1, l\u2019\u00e9quipe du Requin bleu se rendra chez le Mouloudia d\u2019Oujda (MCO), tandis que la RSB \u00e9voluera \u00e0 domicile face \u00e0 l\u2019Association Sportive des FAR.<\/p>\n<p style=\"text-align: justify;\"><b>Fiche technique<\/b><\/p>\n<p style=\"text-align: justify;\">Botola Pro D1, 17e journ\u00e9e<\/p>\n<p style=\"text-align: justify;\">Olympique de Safi\u00a0\u2013\u00a0Renaissance de Berkane : 0-0<\/p>\n<p style=\"text-align: justify;\">Au stade El Massira de Safi, mercredi 16 f\u00e9vrier 2022, coup d\u2019envoi \u00e0 16h<\/p>\n<p style=\"text-align: justify;\">Arbitre : Hamza El Fareq<\/p>\n<\/div>\n<p>L\u2019article <a rel=\"nofollow\" href=\"https:\/\/www.mapoujda.ma\/fr\/match-nul-entre-lolympic-de-safi-et-la-renaissance-de-berkane-0-0\/\">Match nul entre l\u2019Olympic de Safi et la Renaissance de Berkane (0-0)<\/a> est apparu en premier sur <a rel=\"nofollow\" href=\"https:\/\/www.mapoujda.ma\/fr\">MapOujda<\/a>.<\/p>\n<\/div>\n<p>Auteur: Soufiane ELAHMAR<br \/>\n<a href=\"https:\/\/www.mapoujda.ma\/fr\/match-nul-entre-lolympic-de-safi-et-la-renaissance-de-berkane-0-0\/\">Cliquez ici pour lire l&rsquo;article depuis sa source.<\/a><\/p>\n","protected":false},"excerpt":{"rendered":"<p>L\u2019Olympic de Safi (OCS) et la Renaissance de Berkane (RSB) se sont neutralis\u00e9s (0-0), mercredi au stade El Massira de Safi, dans le cadre de la 17e journ\u00e9e de la Botola Pro D1 \u00ab\u00a0Inwi\u00a0\u00bb. Durant la saison pr\u00e9c\u00e9dente, les Berkanis avaient nettement battu l\u2019OCS \u00e0 l\u2019occasion de la 25e journ\u00e9e (3-0), tandis que les deux [&hellip;]<\/p>\n","protected":false},"author":1788,"featured_media":0,"comment_status":"closed","ping_status":"closed","sticky":false,"template":"","format":"standard","meta":{"fifu_image_url":"https:\/\/www.mapoujda.ma\/map\/uploads\/2021\/11\/RSB-vs-USBG-750\u00d7430-MAP.jpg","fifu_image_alt":"Match nul entre l\u2019Olympic de Safi et la Renaissance de Berkane (0-0)","footnotes":""},"categories":[54,76],"tags":[],"class_list":["post-140990","post","type-post","status-publish","format-standard","hentry","category-maroc","category-regions"],"_links":{"self":[{"href":"https:\/\/linitiative.ca\/International\/wp-json\/wp\/v2\/posts\/140990","targetHints":{"allow":["GET"]}}],"collection":[{"href":"https:\/\/linitiative.ca\/International\/wp-json\/wp\/v2\/posts"}],"about":[{"href":"https:\/\/linitiative.ca\/International\/wp-json\/wp\/v2\/types\/post"}],"author":[{"embeddable":true,"href":"https:\/\/linitiative.ca\/International\/wp-json\/wp\/v2\/users\/1788"}],"replies":[{"embeddable":true,"href":"https:\/\/linitiative.ca\/International\/wp-json\/wp\/v2\/comments?post=140990"}],"version-history":[{"count":0,"href":"https:\/\/linitiative.ca\/International\/wp-json\/wp\/v2\/posts\/140990\/revisions"}],"wp:attachment":[{"href":"https:\/\/linitiative.ca\/International\/wp-json\/wp\/v2\/media?parent=140990"}],"wp:term":[{"taxonomy":"category","embeddable":true,"href":"https:\/\/linitiative.ca\/International\/wp-json\/wp\/v2\/categories?post=140990"},{"taxonomy":"post_tag","embeddable":true,"href":"https:\/\/linitiative.ca\/International\/wp-json\/wp\/v2\/tags?post=140990"}],"curies":[{"name":"wp","href":"https:\/\/api.w.org\/{rel}","templated":true}]}}