{"id":140993,"date":"2022-02-16T09:18:17","date_gmt":"2022-02-16T14:18:17","guid":{"rendered":"https:\/\/linitiative.ca\/International\/200-millions-de-dh-pour-le-projet-fez-smart-factory\/"},"modified":"2022-02-16T09:18:17","modified_gmt":"2022-02-16T14:18:17","slug":"200-millions-de-dh-pour-le-projet-fez-smart-factory","status":"publish","type":"post","link":"https:\/\/linitiative.ca\/International\/200-millions-de-dh-pour-le-projet-fez-smart-factory\/","title":{"rendered":"200 millions de DH pour le projet \u00ab\u00a0Fez Smart Factory\u00a0\u00bb"},"content":{"rendered":"<div>\n<div class=\"field field-name-body field-type-text-with-summary field-label-hidden\">\n<div class=\"field-items\">\n<div class=\"field-item even\" property=\"content:encoded\">\n<p>David Greene, Charg\u00e9 d&rsquo;affaires \u00e0 l&rsquo;Ambassade des Etats-Unis au Maroc, est attendu ce jeudi 17 f\u00e9vrier 2022 \u00e0 F\u00e8s pour le lancement des travaux de r\u00e9alisation du projet de l\u2019\u00e9cosyst\u00e8me \u00ab Fez Smart Factory\u00bb (FSF).<\/p>\n<p>Projet qui n\u00e9cessitera un investissement de plus de 200 millions de DH.<\/p>\n<\/div>\n<\/div>\n<\/div>\n<\/div>\n<p>Auteur: mbasraoui<br \/>\n<a href=\"https:\/\/www.leconomiste.com\/flash-infos\/200-millions-de-dh-pour-le-projet-fez-smart-factory\">Cliquez ici pour lire l&rsquo;article depuis sa source.<\/a><\/p>\n","protected":false},"excerpt":{"rendered":"<p>David Greene, Charg\u00e9 d&rsquo;affaires \u00e0 l&rsquo;Ambassade des Etats-Unis au Maroc, est attendu ce jeudi 17 f\u00e9vrier 2022 \u00e0 F\u00e8s pour le lancement des travaux de r\u00e9alisation du projet de l\u2019\u00e9cosyst\u00e8me \u00ab Fez Smart Factory\u00bb (FSF). Projet qui n\u00e9cessitera un investissement de plus de 200 millions de DH. Auteur: mbasraoui Cliquez ici pour lire l&rsquo;article depuis [&hellip;]<\/p>\n","protected":false},"author":1763,"featured_media":0,"comment_status":"closed","ping_status":"closed","sticky":false,"template":"","format":"standard","meta":{"fifu_image_url":"","fifu_image_alt":"","footnotes":""},"categories":[78,54],"tags":[],"class_list":["post-140993","post","type-post","status-publish","format-standard","hentry","category-economie","category-maroc"],"_links":{"self":[{"href":"https:\/\/linitiative.ca\/International\/wp-json\/wp\/v2\/posts\/140993","targetHints":{"allow":["GET"]}}],"collection":[{"href":"https:\/\/linitiative.ca\/International\/wp-json\/wp\/v2\/posts"}],"about":[{"href":"https:\/\/linitiative.ca\/International\/wp-json\/wp\/v2\/types\/post"}],"author":[{"embeddable":true,"href":"https:\/\/linitiative.ca\/International\/wp-json\/wp\/v2\/users\/1763"}],"replies":[{"embeddable":true,"href":"https:\/\/linitiative.ca\/International\/wp-json\/wp\/v2\/comments?post=140993"}],"version-history":[{"count":0,"href":"https:\/\/linitiative.ca\/International\/wp-json\/wp\/v2\/posts\/140993\/revisions"}],"wp:attachment":[{"href":"https:\/\/linitiative.ca\/International\/wp-json\/wp\/v2\/media?parent=140993"}],"wp:term":[{"taxonomy":"category","embeddable":true,"href":"https:\/\/linitiative.ca\/International\/wp-json\/wp\/v2\/categories?post=140993"},{"taxonomy":"post_tag","embeddable":true,"href":"https:\/\/linitiative.ca\/International\/wp-json\/wp\/v2\/tags?post=140993"}],"curies":[{"name":"wp","href":"https:\/\/api.w.org\/{rel}","templated":true}]}}