{"id":140994,"date":"2022-02-16T10:49:17","date_gmt":"2022-02-16T15:49:17","guid":{"rendered":"https:\/\/linitiative.ca\/International\/covid-19-645-nouveaux-cas-et-13-deces-ce-mercredi\/"},"modified":"2022-02-16T10:49:17","modified_gmt":"2022-02-16T15:49:17","slug":"covid-19-645-nouveaux-cas-et-13-deces-ce-mercredi","status":"publish","type":"post","link":"https:\/\/linitiative.ca\/International\/covid-19-645-nouveaux-cas-et-13-deces-ce-mercredi\/","title":{"rendered":"Covid-19: 645 nouveaux cas et 13 d\u00e9c\u00e8s ce mercredi"},"content":{"rendered":"<div>\n<div class=\"field field-name-body field-type-text-with-summary field-label-hidden\">\n<div class=\"field-items\">\n<div class=\"field-item even\" property=\"content:encoded\">\n<p class=\"rtejustify\">Un total de 645 nouveaux cas d&rsquo;infection au nouveau coronavirus (Covid-19) et de 1372 gu\u00e9risons a \u00e9t\u00e9 enregistr\u00e9 au Maroc au cours des derni\u00e8res 24 heures, a indiqu\u00e9 mercredi le minist\u00e8re de la Sant\u00e9 et de la protection sociale.<\/p>\n<p class=\"rtejustify\">En plus des tests r\u00e9alis\u00e9s au niveau r\u00e9gional\/provincial, 13 757 tests antig\u00e9niques rapides ont \u00e9t\u00e9 effectu\u00e9s au niveau des a\u00e9roports chez les voyageurs durant les derni\u00e8res 24 heures.<\/p>\n<\/div>\n<\/div>\n<\/div>\n<\/div>\n<p>Auteur: mbasraoui<br \/>\n<a href=\"https:\/\/www.leconomiste.com\/flash-infos\/covid-19-822-nouveaux-cas-et-18-deces-ce-mercredi-16-fevrier\">Cliquez ici pour lire l&rsquo;article depuis sa source.<\/a><\/p>\n","protected":false},"excerpt":{"rendered":"<p>Un total de 645 nouveaux cas d&rsquo;infection au nouveau coronavirus (Covid-19) et de 1372 gu\u00e9risons a \u00e9t\u00e9 enregistr\u00e9 au Maroc au cours des derni\u00e8res 24 heures, a indiqu\u00e9 mercredi le minist\u00e8re de la Sant\u00e9 et de la protection sociale. En plus des tests r\u00e9alis\u00e9s au niveau r\u00e9gional\/provincial, 13 757 tests antig\u00e9niques rapides ont \u00e9t\u00e9 effectu\u00e9s [&hellip;]<\/p>\n","protected":false},"author":1763,"featured_media":0,"comment_status":"closed","ping_status":"closed","sticky":false,"template":"","format":"standard","meta":{"fifu_image_url":"","fifu_image_alt":"","footnotes":""},"categories":[78,54],"tags":[],"class_list":["post-140994","post","type-post","status-publish","format-standard","hentry","category-economie","category-maroc"],"_links":{"self":[{"href":"https:\/\/linitiative.ca\/International\/wp-json\/wp\/v2\/posts\/140994","targetHints":{"allow":["GET"]}}],"collection":[{"href":"https:\/\/linitiative.ca\/International\/wp-json\/wp\/v2\/posts"}],"about":[{"href":"https:\/\/linitiative.ca\/International\/wp-json\/wp\/v2\/types\/post"}],"author":[{"embeddable":true,"href":"https:\/\/linitiative.ca\/International\/wp-json\/wp\/v2\/users\/1763"}],"replies":[{"embeddable":true,"href":"https:\/\/linitiative.ca\/International\/wp-json\/wp\/v2\/comments?post=140994"}],"version-history":[{"count":0,"href":"https:\/\/linitiative.ca\/International\/wp-json\/wp\/v2\/posts\/140994\/revisions"}],"wp:attachment":[{"href":"https:\/\/linitiative.ca\/International\/wp-json\/wp\/v2\/media?parent=140994"}],"wp:term":[{"taxonomy":"category","embeddable":true,"href":"https:\/\/linitiative.ca\/International\/wp-json\/wp\/v2\/categories?post=140994"},{"taxonomy":"post_tag","embeddable":true,"href":"https:\/\/linitiative.ca\/International\/wp-json\/wp\/v2\/tags?post=140994"}],"curies":[{"name":"wp","href":"https:\/\/api.w.org\/{rel}","templated":true}]}}