{"id":140996,"date":"2022-02-16T14:34:15","date_gmt":"2022-02-16T19:34:15","guid":{"rendered":"https:\/\/linitiative.ca\/International\/fes-dahbi-reconduit-a-la-tete-des-services-communaux\/"},"modified":"2022-02-16T14:34:15","modified_gmt":"2022-02-16T19:34:15","slug":"fes-dahbi-reconduit-a-la-tete-des-services-communaux","status":"publish","type":"post","link":"https:\/\/linitiative.ca\/International\/fes-dahbi-reconduit-a-la-tete-des-services-communaux\/","title":{"rendered":"F\u00e8s: Dahbi reconduit \u00e0 la t\u00eate des services communaux"},"content":{"rendered":"<div>\n<div class=\"field field-name-body field-type-text-with-summary field-label-hidden\">\n<div class=\"field-items\">\n<div class=\"field-item even\" property=\"content:encoded\">\n<p class=\"rtejustify\">Mohamed Dahbi a remport\u00e9 haut la main le concours se d\u00e9roulant ce mercredi 16 f\u00e9vrier\u00a0 2022 au si\u00e8ge de la mairie de F\u00e8s.<\/p>\n<\/div>\n<\/div>\n<\/div>\n<\/div>\n<p>Auteur: mbasraoui<br \/>\n<a href=\"https:\/\/www.leconomiste.com\/flash-infos\/fes-dahbi-reconduit-la-tete-des-services-communaux\">Cliquez ici pour lire l&rsquo;article depuis sa source.<\/a><\/p>\n","protected":false},"excerpt":{"rendered":"<p>Mohamed Dahbi a remport\u00e9 haut la main le concours se d\u00e9roulant ce mercredi 16 f\u00e9vrier\u00a0 2022 au si\u00e8ge de la mairie de F\u00e8s. Auteur: mbasraoui Cliquez ici pour lire l&rsquo;article depuis sa source.<\/p>\n","protected":false},"author":1763,"featured_media":0,"comment_status":"closed","ping_status":"closed","sticky":false,"template":"","format":"standard","meta":{"fifu_image_url":"","fifu_image_alt":"","footnotes":""},"categories":[78,54],"tags":[],"class_list":["post-140996","post","type-post","status-publish","format-standard","hentry","category-economie","category-maroc"],"_links":{"self":[{"href":"https:\/\/linitiative.ca\/International\/wp-json\/wp\/v2\/posts\/140996","targetHints":{"allow":["GET"]}}],"collection":[{"href":"https:\/\/linitiative.ca\/International\/wp-json\/wp\/v2\/posts"}],"about":[{"href":"https:\/\/linitiative.ca\/International\/wp-json\/wp\/v2\/types\/post"}],"author":[{"embeddable":true,"href":"https:\/\/linitiative.ca\/International\/wp-json\/wp\/v2\/users\/1763"}],"replies":[{"embeddable":true,"href":"https:\/\/linitiative.ca\/International\/wp-json\/wp\/v2\/comments?post=140996"}],"version-history":[{"count":0,"href":"https:\/\/linitiative.ca\/International\/wp-json\/wp\/v2\/posts\/140996\/revisions"}],"wp:attachment":[{"href":"https:\/\/linitiative.ca\/International\/wp-json\/wp\/v2\/media?parent=140996"}],"wp:term":[{"taxonomy":"category","embeddable":true,"href":"https:\/\/linitiative.ca\/International\/wp-json\/wp\/v2\/categories?post=140996"},{"taxonomy":"post_tag","embeddable":true,"href":"https:\/\/linitiative.ca\/International\/wp-json\/wp\/v2\/tags?post=140996"}],"curies":[{"name":"wp","href":"https:\/\/api.w.org\/{rel}","templated":true}]}}