{"id":141002,"date":"2022-02-16T07:15:00","date_gmt":"2022-02-16T12:15:00","guid":{"rendered":"https:\/\/linitiative.ca\/International\/lamnistie-au-sens-du-decret-loi-n2022-10-relatif-aux-cheques-sans-provisions-la-faveur-qui-risque-de-defavoriser\/"},"modified":"2022-02-16T07:15:00","modified_gmt":"2022-02-16T12:15:00","slug":"lamnistie-au-sens-du-decret-loi-n2022-10-relatif-aux-cheques-sans-provisions-la-faveur-qui-risque-de-defavoriser","status":"publish","type":"post","link":"https:\/\/linitiative.ca\/International\/lamnistie-au-sens-du-decret-loi-n2022-10-relatif-aux-cheques-sans-provisions-la-faveur-qui-risque-de-defavoriser\/","title":{"rendered":"L\u2019amnistie au sens du d\u00e9cret-loi n\u00b02022\/10 relatif aux ch\u00e8ques sans provisions: La faveur qui risque de d\u00e9favoriser!"},"content":{"rendered":"<div><img decoding=\"async\" src=\"https:\/\/linitiative.ca\/International\/wp-content\/uploads\/sites\/23\/2022\/02\/1645013200_article.jpg\" alt=\"L\u2019amnistie au sens du d\u00e9cret-loi n\u00b02022\/10 relatif aux ch\u00e8ques sans provisions: La faveur qui risque de d\u00e9favoriser!\" align=\"left\">Par Najet Brahmi Zouaoui. Professeure \u00e0 la facult\u00e9 de Droit et des Sciences politiques de Tunis. Avocate pr\u00e8s la Cour de Cassation. Secr\u00e9taire G\u00e9n\u00e9rale de l\u2019Alliance internationale des Femmes avocates aupr\u00e8s de Gen\u00e8ve.<br \/>\n1- Annonc\u00e9 en conseil des ministres du 10 f\u00e9vrier 2022, le d\u00e9cret-loi portant amnistie relative aux ch\u00e8ques sans provision vient d\u2019\u00eatre sign\u00e9 par le Pr\u00e9sident de la R\u00e9publique et publi\u00e9 au Jort du 13 f\u00e9vrier 2022. Il s\u2019agit du d\u00e9cret-loi n\u00b02022\/10 portant amnistie relative aux ch\u00e8ques sans provision.<br \/>\n2- Compos\u00e9 de trois articles, le d\u00e9cret-loi appelle \u00e0 quelques remarques pr\u00e9liminaires:<br \/>\n3- Le d\u00e9cret-loi n\u00b0 2022\/10 est tout d\u2019abord un &#8230;<\/p>\n<\/div>\n<p>Auteur:<br \/>\n<a href=\"https:\/\/www.leaders.com.tn\/article\/32973-l-amnistie-au-sens-du-decret-loi-n-2022-10-relatif-aux-cheques-sans-provisions-la-faveur-qui-risque-de-defavoriser\">Cliquez ici pour lire l&rsquo;article depuis sa source.<\/a><\/p>\n","protected":false},"excerpt":{"rendered":"<p>Par Najet Brahmi Zouaoui. Professeure \u00e0 la facult\u00e9 de Droit et des Sciences politiques de Tunis. Avocate pr\u00e8s la Cour de Cassation. Secr\u00e9taire G\u00e9n\u00e9rale de l\u2019Alliance internationale des Femmes avocates aupr\u00e8s de Gen\u00e8ve. 1- Annonc\u00e9 en conseil des ministres du 10 f\u00e9vrier 2022, le d\u00e9cret-loi portant amnistie relative aux ch\u00e8ques sans provision vient d\u2019\u00eatre sign\u00e9 [&hellip;]<\/p>\n","protected":false},"author":1772,"featured_media":0,"comment_status":"closed","ping_status":"closed","sticky":false,"template":"","format":"standard","meta":{"fifu_image_url":"http:\/\/www.leaders.com.tn\/uploads\/content\/thumbnails_small\/1645013200_article.jpg","fifu_image_alt":"L\u2019amnistie au sens du d\u00e9cret-loi n\u00b02022\/10 relatif aux ch\u00e8ques sans provisions: La faveur qui risque de d\u00e9favoriser!","footnotes":""},"categories":[73,55],"tags":[],"class_list":["post-141002","post","type-post","status-publish","format-standard","hentry","category-actualite","category-tunisie"],"_links":{"self":[{"href":"https:\/\/linitiative.ca\/International\/wp-json\/wp\/v2\/posts\/141002","targetHints":{"allow":["GET"]}}],"collection":[{"href":"https:\/\/linitiative.ca\/International\/wp-json\/wp\/v2\/posts"}],"about":[{"href":"https:\/\/linitiative.ca\/International\/wp-json\/wp\/v2\/types\/post"}],"author":[{"embeddable":true,"href":"https:\/\/linitiative.ca\/International\/wp-json\/wp\/v2\/users\/1772"}],"replies":[{"embeddable":true,"href":"https:\/\/linitiative.ca\/International\/wp-json\/wp\/v2\/comments?post=141002"}],"version-history":[{"count":0,"href":"https:\/\/linitiative.ca\/International\/wp-json\/wp\/v2\/posts\/141002\/revisions"}],"wp:attachment":[{"href":"https:\/\/linitiative.ca\/International\/wp-json\/wp\/v2\/media?parent=141002"}],"wp:term":[{"taxonomy":"category","embeddable":true,"href":"https:\/\/linitiative.ca\/International\/wp-json\/wp\/v2\/categories?post=141002"},{"taxonomy":"post_tag","embeddable":true,"href":"https:\/\/linitiative.ca\/International\/wp-json\/wp\/v2\/tags?post=141002"}],"curies":[{"name":"wp","href":"https:\/\/api.w.org\/{rel}","templated":true}]}}