{"id":141010,"date":"2022-02-16T12:01:58","date_gmt":"2022-02-16T17:01:58","guid":{"rendered":"https:\/\/linitiative.ca\/International\/tourisme-voici-comment-les-2-milliards-de-dh-du-plan-de-relance-seront-repartis\/"},"modified":"2022-02-16T12:01:58","modified_gmt":"2022-02-16T17:01:58","slug":"tourisme-voici-comment-les-2-milliards-de-dh-du-plan-de-relance-seront-repartis","status":"publish","type":"post","link":"https:\/\/linitiative.ca\/International\/tourisme-voici-comment-les-2-milliards-de-dh-du-plan-de-relance-seront-repartis\/","title":{"rendered":"Tourisme : Voici comment les 2 milliards de DH du plan de relance seront r\u00e9partis"},"content":{"rendered":"<div><img decoding=\"async\" width=\"800\" height=\"532\" src=\"https:\/\/linitiative.ca\/International\/wp-content\/uploads\/sites\/23\/2022\/02\/ammor-1.jpg\" class=\"attachment-post-thumbnail size-post-thumbnail wp-post-image\" alt=\"\" loading=\"lazy\" srcset=\"https:\/\/linitiative.ca\/International\/wp-content\/uploads\/sites\/23\/2022\/02\/ammor-1.jpg 800w, https:\/\/www.challenge.ma\/wp-content\/uploads\/2022\/02\/ammor-1-300x200.jpg 300w, https:\/\/www.challenge.ma\/wp-content\/uploads\/2022\/02\/ammor-1-768x511.jpg 768w, https:\/\/www.challenge.ma\/wp-content\/uploads\/2022\/02\/ammor-1-360x239.jpg 360w, https:\/\/www.challenge.ma\/wp-content\/uploads\/2022\/02\/ammor-1-750x499.jpg 750w\" sizes=\"auto, (max-width: 800px) 100vw, 800px\" itemprop=\"image\">Le plan d\u2019urgence du Minist\u00e8re du Tourisme est enfin act\u00e9. Un courrier officiel du 15 f\u00e9vrier 2022 adress\u00e9 aux d\u00e9l\u00e9gu\u00e9s r\u00e9gionaux et provinciaux du tourisme pr\u00e9cise les mesures d\u2019accompagnement qui s\u2019articulent sur trois volets : le subventionnement des \u00e9tablissements d\u2019h\u00e9bergement touristique, un moratoire sur les cr\u00e9dits bancaires et la prise<\/div>\n<p>Auteur: Alia Diop<br \/>\n<a href=\"https:\/\/www.challenge.ma\/tourisme-voici-comment-les-2-milliards-de-dh-du-plan-de-relance-seront-repartis-232805\/\">Cliquez ici pour lire l&rsquo;article depuis sa source.<\/a><\/p>\n","protected":false},"excerpt":{"rendered":"<p>Le plan d\u2019urgence du Minist\u00e8re du Tourisme est enfin act\u00e9. Un courrier officiel du 15 f\u00e9vrier 2022 adress\u00e9 aux d\u00e9l\u00e9gu\u00e9s r\u00e9gionaux et provinciaux du tourisme pr\u00e9cise les mesures d\u2019accompagnement qui s\u2019articulent sur trois volets : le subventionnement des \u00e9tablissements d\u2019h\u00e9bergement touristique, un moratoire sur les cr\u00e9dits bancaires et la prise Auteur: Alia Diop Cliquez ici [&hellip;]<\/p>\n","protected":false},"author":1787,"featured_media":0,"comment_status":"closed","ping_status":"closed","sticky":false,"template":"","format":"standard","meta":{"fifu_image_url":"https:\/\/www.challenge.ma\/wp-content\/uploads\/2022\/02\/ammor-1.jpg","fifu_image_alt":"Tourisme : Voici comment les 2 milliards de DH du plan de relance seront r\u00e9partis","footnotes":""},"categories":[78,54],"tags":[],"class_list":["post-141010","post","type-post","status-publish","format-standard","hentry","category-economie","category-maroc"],"_links":{"self":[{"href":"https:\/\/linitiative.ca\/International\/wp-json\/wp\/v2\/posts\/141010","targetHints":{"allow":["GET"]}}],"collection":[{"href":"https:\/\/linitiative.ca\/International\/wp-json\/wp\/v2\/posts"}],"about":[{"href":"https:\/\/linitiative.ca\/International\/wp-json\/wp\/v2\/types\/post"}],"author":[{"embeddable":true,"href":"https:\/\/linitiative.ca\/International\/wp-json\/wp\/v2\/users\/1787"}],"replies":[{"embeddable":true,"href":"https:\/\/linitiative.ca\/International\/wp-json\/wp\/v2\/comments?post=141010"}],"version-history":[{"count":0,"href":"https:\/\/linitiative.ca\/International\/wp-json\/wp\/v2\/posts\/141010\/revisions"}],"wp:attachment":[{"href":"https:\/\/linitiative.ca\/International\/wp-json\/wp\/v2\/media?parent=141010"}],"wp:term":[{"taxonomy":"category","embeddable":true,"href":"https:\/\/linitiative.ca\/International\/wp-json\/wp\/v2\/categories?post=141010"},{"taxonomy":"post_tag","embeddable":true,"href":"https:\/\/linitiative.ca\/International\/wp-json\/wp\/v2\/tags?post=141010"}],"curies":[{"name":"wp","href":"https:\/\/api.w.org\/{rel}","templated":true}]}}