{"id":141017,"date":"2022-02-16T16:43:22","date_gmt":"2022-02-16T21:43:22","guid":{"rendered":"https:\/\/linitiative.ca\/International\/tunisie-saied-participera-au-sommet-ue-union-africaine-en-belgique-les-17-et-18-fevrier\/"},"modified":"2022-02-16T16:43:22","modified_gmt":"2022-02-16T21:43:22","slug":"tunisie-saied-participera-au-sommet-ue-union-africaine-en-belgique-les-17-et-18-fevrier","status":"publish","type":"post","link":"https:\/\/linitiative.ca\/International\/tunisie-saied-participera-au-sommet-ue-union-africaine-en-belgique-les-17-et-18-fevrier\/","title":{"rendered":"Tunisie : Saied participera au Sommet UE-Union Africaine en Belgique les 17 et 18 f\u00e9vrier"},"content":{"rendered":"<div>\n<p>Le pr\u00e9sident de la R\u00e9publique, Kais Saied, se rendra en Belgique pour assister \u00e0 la 6\u00e8me session du sommet Union europ\u00e9enne-Union africaine, qui se tiendra les 17 et 18 f\u00e9vrier 2022 \u00e0 Bruxelles. Au cours du programme de la visite, le pr\u00e9sident participera aux activit\u00e9s du sommet et tiendra une s\u00e9rie de r\u00e9unions avec un [\u2026]<\/p>\n<p>L\u2019article <a href=\"https:\/\/www.tunisienumerique.com\/tunisie-saied-participera-au-sommet-ue-union-africaine-en-belgique-le-17-et-18-fevrier\/\">Tunisie : Saied participera au Sommet UE-Union Africaine en Belgique les 17 et 18 f\u00e9vrier<\/a> est apparu en premier sur <a href=\"https:\/\/www.tunisienumerique.com\/\">Tunisie<\/a>.<\/p>\n<\/div>\n<p>Auteur: rania ben slimane<br \/>\n<a href=\"https:\/\/www.tunisienumerique.com\/tunisie-saied-participera-au-sommet-ue-union-africaine-en-belgique-le-17-et-18-fevrier\/\">Cliquez ici pour lire l&rsquo;article depuis sa source.<\/a><\/p>\n","protected":false},"excerpt":{"rendered":"<p>Le pr\u00e9sident de la R\u00e9publique, Kais Saied, se rendra en Belgique pour assister \u00e0 la 6\u00e8me session du sommet Union europ\u00e9enne-Union africaine, qui se tiendra les 17 et 18 f\u00e9vrier 2022 \u00e0 Bruxelles. Au cours du programme de la visite, le pr\u00e9sident participera aux activit\u00e9s du sommet et tiendra une s\u00e9rie de r\u00e9unions avec un [&hellip;]<\/p>\n","protected":false},"author":1789,"featured_media":0,"comment_status":"closed","ping_status":"closed","sticky":false,"template":"","format":"standard","meta":{"fifu_image_url":"","fifu_image_alt":"","footnotes":""},"categories":[73,55],"tags":[],"class_list":["post-141017","post","type-post","status-publish","format-standard","hentry","category-actualite","category-tunisie"],"_links":{"self":[{"href":"https:\/\/linitiative.ca\/International\/wp-json\/wp\/v2\/posts\/141017","targetHints":{"allow":["GET"]}}],"collection":[{"href":"https:\/\/linitiative.ca\/International\/wp-json\/wp\/v2\/posts"}],"about":[{"href":"https:\/\/linitiative.ca\/International\/wp-json\/wp\/v2\/types\/post"}],"author":[{"embeddable":true,"href":"https:\/\/linitiative.ca\/International\/wp-json\/wp\/v2\/users\/1789"}],"replies":[{"embeddable":true,"href":"https:\/\/linitiative.ca\/International\/wp-json\/wp\/v2\/comments?post=141017"}],"version-history":[{"count":0,"href":"https:\/\/linitiative.ca\/International\/wp-json\/wp\/v2\/posts\/141017\/revisions"}],"wp:attachment":[{"href":"https:\/\/linitiative.ca\/International\/wp-json\/wp\/v2\/media?parent=141017"}],"wp:term":[{"taxonomy":"category","embeddable":true,"href":"https:\/\/linitiative.ca\/International\/wp-json\/wp\/v2\/categories?post=141017"},{"taxonomy":"post_tag","embeddable":true,"href":"https:\/\/linitiative.ca\/International\/wp-json\/wp\/v2\/tags?post=141017"}],"curies":[{"name":"wp","href":"https:\/\/api.w.org\/{rel}","templated":true}]}}