{"id":141018,"date":"2022-02-16T17:04:16","date_gmt":"2022-02-16T22:04:16","guid":{"rendered":"https:\/\/linitiative.ca\/International\/ministere-des-affaires-etrangeres-la-tunisie-tient-a-lunion-du-maghreb-arabe-comme-option-strategique\/"},"modified":"2022-02-16T17:04:16","modified_gmt":"2022-02-16T22:04:16","slug":"ministere-des-affaires-etrangeres-la-tunisie-tient-a-lunion-du-maghreb-arabe-comme-option-strategique","status":"publish","type":"post","link":"https:\/\/linitiative.ca\/International\/ministere-des-affaires-etrangeres-la-tunisie-tient-a-lunion-du-maghreb-arabe-comme-option-strategique\/","title":{"rendered":"Minist\u00e8re des Affaires Etrang\u00e8res : La Tunisie tient \u00e0 l\u2019Union du Maghreb Arabe comme option strat\u00e9gique"},"content":{"rendered":"<div>\n<p>A l\u2019occasion de la c\u00e9l\u00e9bration du 33\u00e8meanniversaire de la cr\u00e9ation de l\u2019Union du Maghreb Arabe, la Tunisie a exprim\u00e9 sa fiert\u00e9 de cet acquis historique, rappelant qu\u2019elle tient \u00e0 l\u2019Union du Maghreb Arabe comme option strat\u00e9gique. . La Tunisie a \u00e9galement r\u00e9it\u00e9r\u00e9 sa ferme volont\u00e9 de travailler avec tous les pays fr\u00e8res du Maghreb en [\u2026]<\/p>\n<p>L\u2019article <a href=\"https:\/\/www.tunisienumerique.com\/ministere-des-affaires-etrangeres-la-tunisie-tient-a-lunion-du-maghreb-arabe-comme-option-strategique\/\">Minist\u00e8re des Affaires Etrang\u00e8res : La Tunisie tient \u00e0 l\u2019Union du Maghreb Arabe comme option strat\u00e9gique<\/a> est apparu en premier sur <a href=\"https:\/\/www.tunisienumerique.com\/\">Tunisie<\/a>.<\/p>\n<\/div>\n<p>Auteur: rania ben slimane<br \/>\n<a href=\"https:\/\/www.tunisienumerique.com\/ministere-des-affaires-etrangeres-la-tunisie-tient-a-lunion-du-maghreb-arabe-comme-option-strategique\/\">Cliquez ici pour lire l&rsquo;article depuis sa source.<\/a><\/p>\n","protected":false},"excerpt":{"rendered":"<p>A l\u2019occasion de la c\u00e9l\u00e9bration du 33\u00e8meanniversaire de la cr\u00e9ation de l\u2019Union du Maghreb Arabe, la Tunisie a exprim\u00e9 sa fiert\u00e9 de cet acquis historique, rappelant qu\u2019elle tient \u00e0 l\u2019Union du Maghreb Arabe comme option strat\u00e9gique. . La Tunisie a \u00e9galement r\u00e9it\u00e9r\u00e9 sa ferme volont\u00e9 de travailler avec tous les pays fr\u00e8res du Maghreb en [&hellip;]<\/p>\n","protected":false},"author":1789,"featured_media":0,"comment_status":"closed","ping_status":"closed","sticky":false,"template":"","format":"standard","meta":{"fifu_image_url":"","fifu_image_alt":"","footnotes":""},"categories":[73,55],"tags":[],"class_list":["post-141018","post","type-post","status-publish","format-standard","hentry","category-actualite","category-tunisie"],"_links":{"self":[{"href":"https:\/\/linitiative.ca\/International\/wp-json\/wp\/v2\/posts\/141018","targetHints":{"allow":["GET"]}}],"collection":[{"href":"https:\/\/linitiative.ca\/International\/wp-json\/wp\/v2\/posts"}],"about":[{"href":"https:\/\/linitiative.ca\/International\/wp-json\/wp\/v2\/types\/post"}],"author":[{"embeddable":true,"href":"https:\/\/linitiative.ca\/International\/wp-json\/wp\/v2\/users\/1789"}],"replies":[{"embeddable":true,"href":"https:\/\/linitiative.ca\/International\/wp-json\/wp\/v2\/comments?post=141018"}],"version-history":[{"count":0,"href":"https:\/\/linitiative.ca\/International\/wp-json\/wp\/v2\/posts\/141018\/revisions"}],"wp:attachment":[{"href":"https:\/\/linitiative.ca\/International\/wp-json\/wp\/v2\/media?parent=141018"}],"wp:term":[{"taxonomy":"category","embeddable":true,"href":"https:\/\/linitiative.ca\/International\/wp-json\/wp\/v2\/categories?post=141018"},{"taxonomy":"post_tag","embeddable":true,"href":"https:\/\/linitiative.ca\/International\/wp-json\/wp\/v2\/tags?post=141018"}],"curies":[{"name":"wp","href":"https:\/\/api.w.org\/{rel}","templated":true}]}}