{"id":141021,"date":"2022-02-16T11:02:17","date_gmt":"2022-02-16T16:02:17","guid":{"rendered":"https:\/\/linitiative.ca\/International\/transition-au-burkina-lunion-des-forces-progressistes-pour-une-demarche-inclusive\/"},"modified":"2022-02-16T11:02:17","modified_gmt":"2022-02-16T16:02:17","slug":"transition-au-burkina-lunion-des-forces-progressistes-pour-une-demarche-inclusive","status":"publish","type":"post","link":"https:\/\/linitiative.ca\/International\/transition-au-burkina-lunion-des-forces-progressistes-pour-une-demarche-inclusive\/","title":{"rendered":"Transition au Burkina\u00a0: L\u2019Union des Forces progressistes pour une d\u00e9marche inclusive"},"content":{"rendered":"<div>\n<p>Le 24 Janvier 2022, le Mouvement Patriotique pour la sauvegarde et la restauration(MPSR) annon\u00e7ait sa prise du pouvoir, la suspension de la constitution, la dissolution du gouvernement et de l\u2019Assembl\u00e9e nationale. Cette intervention des militaires dans l\u2019ar\u00e8ne politique est survenue \u00e0 la suite de mouvements d\u2019humeurs dus \u00e0 la mauvaise gestion de la crise s\u00e9curitaire.<\/p>\n<p>L\u2019Union des Forces Progressistes (UFP) condamne le coup d\u2019\u00e9tat, mais prend acte de la situation. Si malgr\u00e9 son retour \u00e0 la vie constitutionnelle en 1991, notre pays a connu une insurrection populaire en 2014 et le pr\u00e9sent changement en dehors des \u00e9lections, c\u2019est que d\u2019une part il y a toujours des forces non satisfaites de la conduite des affaires de l\u2019\u00e9tat et d\u2019autre part, nous n\u2019avons pas pu constituer un arbitrage citoyen qui veille et s\u2019impose \u00e0 tous les acteurs.<\/p>\n<p>De l\u2019avis de l\u2019UFP, les tenants du pouvoir ont constamment jouit du favoritisme et de l\u2019impunit\u00e9 pendant que l\u2019opposition subissait une r\u00e9pression souvent f\u00e9roce et subtile.<\/p>\n<p>Pour notre parti, il faut une gouvernance de rupture, le respect des lois et la priorisation de l\u2019int\u00e9r\u00eat g\u00e9n\u00e9ral pour assoir un consensus national et affronter les nombreux d\u00e9fis auxquels le Burkina Faso est confront\u00e9.<\/p>\n<p>Aussi, l\u2019UFP se r\u00e9jouit-il que le MPSR ait plac\u00e9 au centre de ses pr\u00e9occupations la question s\u00e9curitaire et la refondation.\u00a0 Le parti salut la lev\u00e9e de la suspension de la constitution, appelle les nouvelles autorit\u00e9s \u00e0 se mettre au-dessus de la m\u00eal\u00e9e et les exhorte \u00e0 poursuivre une d\u00e9marche inclusive de consultation des forces vives pour asseoir les organes de la transition.<\/p>\n<p style=\"text-align: left\">Le Secr\u00e9taire G\u00e9n\u00e9ral<\/p>\n<p style=\"text-align: left\">YE Modou Michel<\/p>\n<p>Ouagadougou, le 15 F\u00e9vrier2022<\/p>\n<p>L\u2019article <a rel=\"nofollow\" href=\"https:\/\/www.sidwaya.info\/blog\/2022\/02\/16\/transition-au-burkina-lunion-des-forces-progressistes-pour-une-demarche-inclusive\/\">Transition au Burkina\u00a0: L\u2019Union des Forces progressistes pour une d\u00e9marche inclusive<\/a> est apparu en premier sur <a rel=\"nofollow\" href=\"https:\/\/www.sidwaya.info\/\">Quotidien Sidwaya<\/a>.<\/p>\n<\/div>\n<p>Auteur: Wamini SIDWAYA<br \/>\n<a href=\"https:\/\/www.sidwaya.info\/blog\/2022\/02\/16\/transition-au-burkina-lunion-des-forces-progressistes-pour-une-demarche-inclusive\/?utm_source=rss&#038;utm_medium=rss&#038;utm_campaign=transition-au-burkina-lunion-des-forces-progressistes-pour-une-demarche-inclusive\">Cliquez ici pour lire l&rsquo;article depuis sa source.<\/a><\/p>\n","protected":false},"excerpt":{"rendered":"<p>Le 24 Janvier 2022, le Mouvement Patriotique pour la sauvegarde et la restauration(MPSR) annon\u00e7ait sa prise du pouvoir, la suspension de la constitution, la dissolution du gouvernement et de l\u2019Assembl\u00e9e nationale. Cette intervention des militaires dans l\u2019ar\u00e8ne politique est survenue \u00e0 la suite de mouvements d\u2019humeurs dus \u00e0 la mauvaise gestion de la crise s\u00e9curitaire. [&hellip;]<\/p>\n","protected":false},"author":1816,"featured_media":0,"comment_status":"closed","ping_status":"closed","sticky":false,"template":"","format":"standard","meta":{"fifu_image_url":"","fifu_image_alt":"","footnotes":""},"categories":[73,81],"tags":[],"class_list":["post-141021","post","type-post","status-publish","format-standard","hentry","category-actualite","category-burkina-faso"],"_links":{"self":[{"href":"https:\/\/linitiative.ca\/International\/wp-json\/wp\/v2\/posts\/141021","targetHints":{"allow":["GET"]}}],"collection":[{"href":"https:\/\/linitiative.ca\/International\/wp-json\/wp\/v2\/posts"}],"about":[{"href":"https:\/\/linitiative.ca\/International\/wp-json\/wp\/v2\/types\/post"}],"author":[{"embeddable":true,"href":"https:\/\/linitiative.ca\/International\/wp-json\/wp\/v2\/users\/1816"}],"replies":[{"embeddable":true,"href":"https:\/\/linitiative.ca\/International\/wp-json\/wp\/v2\/comments?post=141021"}],"version-history":[{"count":0,"href":"https:\/\/linitiative.ca\/International\/wp-json\/wp\/v2\/posts\/141021\/revisions"}],"wp:attachment":[{"href":"https:\/\/linitiative.ca\/International\/wp-json\/wp\/v2\/media?parent=141021"}],"wp:term":[{"taxonomy":"category","embeddable":true,"href":"https:\/\/linitiative.ca\/International\/wp-json\/wp\/v2\/categories?post=141021"},{"taxonomy":"post_tag","embeddable":true,"href":"https:\/\/linitiative.ca\/International\/wp-json\/wp\/v2\/tags?post=141021"}],"curies":[{"name":"wp","href":"https:\/\/api.w.org\/{rel}","templated":true}]}}