{"id":141022,"date":"2022-02-16T11:11:01","date_gmt":"2022-02-16T16:11:01","guid":{"rendered":"https:\/\/linitiative.ca\/International\/cohesion-sociale-et-extremisme-violent-danida-accompagne-lassociation-vision-plus-avp\/"},"modified":"2022-02-16T11:11:01","modified_gmt":"2022-02-16T16:11:01","slug":"cohesion-sociale-et-extremisme-violent-danida-accompagne-lassociation-vision-plus-avp","status":"publish","type":"post","link":"https:\/\/linitiative.ca\/International\/cohesion-sociale-et-extremisme-violent-danida-accompagne-lassociation-vision-plus-avp\/","title":{"rendered":"Coh\u00e9sion sociale et extr\u00e9misme violent:  DANIDA\u00a0 accompagne l\u2019Association Vision Plus (AVP)"},"content":{"rendered":"<div>\n<p><strong>L\u2019Association Vision Plus (AVP) b\u00e9n\u00e9ficiaire du financement du Danemark \u00e0 travers l\u2019ONG Internationale DANIDA assure du 15\u00a0 au 17 f\u00e9vrier 2022 \u00e0 Boulsa un atelier de formation de ses acteurs terrain sur leurs r\u00f4les dans la mise en \u0153uvre du projet\u00a0: \u00ab\u00a0Pensons plus loin\u00a0: Promotion de la coh\u00e9sion sociale et de la r\u00e9silience contre l\u2019extr\u00e9misme violent pour une paix positive et durable\u00bb.<\/strong><\/p>\n<p>Deux participants par chacune des huit communes que compte la province dont un animateur de <strong>l\u2019Association Vision Plus (AVP) <\/strong>et un agent du service social et le staff du l\u2019association prennent part \u00e0 l\u2019atelier de trois jours. Cet\u00a0 atelier dira Antoine Kabor\u00e9 , pr\u00e9sident de l\u2019association le projet a pour finalit\u00e9 globale de renforcer la coh\u00e9sion sociale au sein des communaut\u00e9s dans les huit communes en favorisant un d\u00e9veloppement inclusif \u00e0 travers la sensibilisation des populations \u00e0 la paix et \u00e0 la gestion pacifique des conflits , l\u2019acceptation et l\u2019insertion ainsi que l\u2019accompagnement des d\u00e9plac\u00e9s internes<\/p>\n<p>En rappel, b\u00e9n\u00e9ficiaire du projet pour une dur\u00e9e de deux ans (2022_2023) de mise en \u0153uvre vise \u00e0 la promotion de la coh\u00e9sion sociale et de la r\u00e9silience contre l\u2019extr\u00e9misme violent pour une paix positive et durable. Son lancement solennel est pr\u00e9vu pour le 18 f\u00e9vrier 2022\u00a0 \u00e0 Boulsa.<\/p>\n<p>A\u00a0 cet effet, Monsieur Ouad\u00e9ba Roger formateur aura au cours de l\u2019atelier \u00e0 d\u00e9finir les tenants et les aboutissants du projet \u00e0 savoir entre autres\u00a0: le r\u00f4le d\u00e9volu \u00e0 chaque acteur, les actions \u00e0 mener, et les r\u00e9sultats attendus.<\/p>\n<p><img decoding=\"async\" loading=\"lazy\" class=\"alignnone wp-image-45692 size-full\" src=\"https:\/\/linitiative.ca\/International\/wp-content\/uploads\/sites\/23\/2022\/02\/boulssa-1.jpeg\" alt=\"\" width=\"900\" height=\"675\" srcset=\"https:\/\/linitiative.ca\/International\/wp-content\/uploads\/sites\/23\/2022\/02\/boulssa-1.jpeg 900w, https:\/\/www.sidwaya.info\/wp-content\/uploads\/2022\/02\/boulssa-1-300x225.jpeg 300w, https:\/\/www.sidwaya.info\/wp-content\/uploads\/2022\/02\/boulssa-1-768x576.jpeg 768w, https:\/\/www.sidwaya.info\/wp-content\/uploads\/2022\/02\/boulssa-1-150x113.jpeg 150w, https:\/\/www.sidwaya.info\/wp-content\/uploads\/2022\/02\/boulssa-1-696x522.jpeg 696w, https:\/\/www.sidwaya.info\/wp-content\/uploads\/2022\/02\/boulssa-1-560x420.jpeg 560w, https:\/\/www.sidwaya.info\/wp-content\/uploads\/2022\/02\/boulssa-1-80x60.jpeg 80w, https:\/\/www.sidwaya.info\/wp-content\/uploads\/2022\/02\/boulssa-1-265x198.jpeg 265w\" sizes=\"auto, (max-width: 900px) 100vw, 900px\">\u00ab\u00a0<em>Ce projet est la bienvenue au Namentenga, particuli\u00e8rement dans la commune de Bouroum qui connait presque quotidiennement des attaques. Ce projet va nous permettre entre autres de sensibiliser les populations et notamment les jeunes dont certains pourraient \u00eatre enr\u00f4l\u00e9s dans les groupes terroristes, \u00a0de mettre en confiance les rapports de collaboration entre les populations h\u00f4tes, les volontaires pour la d\u00e9fense de la patrie et les forces de d\u00e9fense et de s\u00e9curit\u00e9. Rappelez-vous dira-t-il, la derni\u00e8re attaque le 11 f\u00e9vrier 2022 \u00e0 Bouroum selon lui \u00a0a fait quatre victimes dont deux VDP et deux civils<\/em>\u00a0\u00bb, Kouss\u00e9 Boureima Agent du service social \u00e0 Bouroum<\/p>\n<p><em><img decoding=\"async\" loading=\"lazy\" class=\"alignnone wp-image-45693 size-full\" src=\"https:\/\/linitiative.ca\/International\/wp-content\/uploads\/sites\/23\/2022\/02\/boul2.jpeg\" alt=\"\" width=\"900\" height=\"675\" srcset=\"https:\/\/linitiative.ca\/International\/wp-content\/uploads\/sites\/23\/2022\/02\/boul2.jpeg 900w, https:\/\/www.sidwaya.info\/wp-content\/uploads\/2022\/02\/boul2-300x225.jpeg 300w, https:\/\/www.sidwaya.info\/wp-content\/uploads\/2022\/02\/boul2-768x576.jpeg 768w, https:\/\/www.sidwaya.info\/wp-content\/uploads\/2022\/02\/boul2-150x113.jpeg 150w, https:\/\/www.sidwaya.info\/wp-content\/uploads\/2022\/02\/boul2-696x522.jpeg 696w, https:\/\/www.sidwaya.info\/wp-content\/uploads\/2022\/02\/boul2-560x420.jpeg 560w, https:\/\/www.sidwaya.info\/wp-content\/uploads\/2022\/02\/boul2-80x60.jpeg 80w, https:\/\/www.sidwaya.info\/wp-content\/uploads\/2022\/02\/boul2-265x198.jpeg 265w\" sizes=\"auto, (max-width: 900px) 100vw, 900px\">\u00ab\u00a0Pour ma part, je sollicite l\u2019accompagnement des partenaires dans la mise en \u0153uvre pour la r\u00e9ussite du projet pour le bonheur de nos populations meurtries par la virulence des attaques terroristes\u00a0 et \u00e0 toutes les 8 communes qui abritent des PDI<\/em>\u00bb, a invit\u00e9 le pr\u00e9sident Antoine Kabor\u00e9.<\/p>\n<p><strong><em><u>Jean-Baptiste DAMIBA\u00a0 <\/u><\/em><\/strong><\/p>\n<p>\u00a0<\/p>\n<p>L\u2019article <a rel=\"nofollow\" href=\"https:\/\/www.sidwaya.info\/blog\/2022\/02\/16\/cohesion-sociale-et-extremisme-violent-danida-accompagne-lassociation-vision-plus-avp\/\">Coh\u00e9sion sociale et extr\u00e9misme violent:  DANIDA\u00a0 accompagne l\u2019Association Vision Plus (AVP)<\/a> est apparu en premier sur <a rel=\"nofollow\" href=\"https:\/\/www.sidwaya.info\/\">Quotidien Sidwaya<\/a>.<\/p>\n<\/div>\n<p>Auteur: BS. Sidwaya<br \/>\n<a href=\"https:\/\/www.sidwaya.info\/blog\/2022\/02\/16\/cohesion-sociale-et-extremisme-violent-danida-accompagne-lassociation-vision-plus-avp\/?utm_source=rss&#038;utm_medium=rss&#038;utm_campaign=cohesion-sociale-et-extremisme-violent-danida-accompagne-lassociation-vision-plus-avp\">Cliquez ici pour lire l&rsquo;article depuis sa source.<\/a><\/p>\n","protected":false},"excerpt":{"rendered":"<p>L\u2019Association Vision Plus (AVP) b\u00e9n\u00e9ficiaire du financement du Danemark \u00e0 travers l\u2019ONG Internationale DANIDA assure du 15\u00a0 au 17 f\u00e9vrier 2022 \u00e0 Boulsa un atelier de formation de ses acteurs terrain sur leurs r\u00f4les dans la mise en \u0153uvre du projet\u00a0: \u00ab\u00a0Pensons plus loin\u00a0: Promotion de la coh\u00e9sion sociale et de la r\u00e9silience contre l\u2019extr\u00e9misme [&hellip;]<\/p>\n","protected":false},"author":1816,"featured_media":0,"comment_status":"closed","ping_status":"closed","sticky":false,"template":"","format":"standard","meta":{"fifu_image_url":"https:\/\/www.sidwaya.info\/wp-content\/uploads\/2022\/02\/boulssa-1.jpeg","fifu_image_alt":"Coh\u00e9sion sociale et extr\u00e9misme violent:  DANIDA\u00a0 accompagne l\u2019Association Vision Plus (AVP)","footnotes":""},"categories":[73,81],"tags":[],"class_list":["post-141022","post","type-post","status-publish","format-standard","hentry","category-actualite","category-burkina-faso"],"_links":{"self":[{"href":"https:\/\/linitiative.ca\/International\/wp-json\/wp\/v2\/posts\/141022","targetHints":{"allow":["GET"]}}],"collection":[{"href":"https:\/\/linitiative.ca\/International\/wp-json\/wp\/v2\/posts"}],"about":[{"href":"https:\/\/linitiative.ca\/International\/wp-json\/wp\/v2\/types\/post"}],"author":[{"embeddable":true,"href":"https:\/\/linitiative.ca\/International\/wp-json\/wp\/v2\/users\/1816"}],"replies":[{"embeddable":true,"href":"https:\/\/linitiative.ca\/International\/wp-json\/wp\/v2\/comments?post=141022"}],"version-history":[{"count":0,"href":"https:\/\/linitiative.ca\/International\/wp-json\/wp\/v2\/posts\/141022\/revisions"}],"wp:attachment":[{"href":"https:\/\/linitiative.ca\/International\/wp-json\/wp\/v2\/media?parent=141022"}],"wp:term":[{"taxonomy":"category","embeddable":true,"href":"https:\/\/linitiative.ca\/International\/wp-json\/wp\/v2\/categories?post=141022"},{"taxonomy":"post_tag","embeddable":true,"href":"https:\/\/linitiative.ca\/International\/wp-json\/wp\/v2\/tags?post=141022"}],"curies":[{"name":"wp","href":"https:\/\/api.w.org\/{rel}","templated":true}]}}