{"id":141026,"date":"2022-02-16T11:41:46","date_gmt":"2022-02-16T16:41:46","guid":{"rendered":"https:\/\/linitiative.ca\/International\/cote-divoire-laurent-gbagbo-ne-veut-pas-prendre-sa-retraite-politique\/"},"modified":"2022-02-16T11:41:46","modified_gmt":"2022-02-16T16:41:46","slug":"cote-divoire-laurent-gbagbo-ne-veut-pas-prendre-sa-retraite-politique","status":"publish","type":"post","link":"https:\/\/linitiative.ca\/International\/cote-divoire-laurent-gbagbo-ne-veut-pas-prendre-sa-retraite-politique\/","title":{"rendered":"C\u00f4te d\u2019Ivoire\u00a0:\u00a0 \u00a0Laurent Gbagbo ne veut pas prendre sa retraite politique"},"content":{"rendered":"<div>\n<p>Lors d\u2019une visite au pr\u00e9sident de l\u2019Eglise protestante baptiste \u0153uvre et mission \u00e0 Yopougon le dimanche 13 f\u00e9vrier 2022, son fief, l\u2019ancien pr\u00e9sident de la R\u00e9publique de C\u00f4te d\u2019Ivoire, Laurent Gbagbo, a fait savoir, selon nos confr\u00e8res de fratmat.info, qu\u2019il est loin de la traite politique. \u00ab Quand on m\u2019a arr\u00eat\u00e9 en avril 2011, les gens criaient\u00a0 Gbagbo, c\u2019est fini\u00a0\u00bb. Dix ans apr\u00e8s, Gbagbo parle. Donc Gbagbo n\u2019est pas fini \u00bb, a-t-il affirm\u00e9.<\/p>\n<p>\u00a0<\/p>\n<p>A K<\/p>\n<p>L\u2019article <a rel=\"nofollow\" href=\"https:\/\/www.sidwaya.info\/blog\/2022\/02\/16\/cote-divoire-laurent-gbagbo-ne-veut-pas-prendre-sa-retraite-politique\/\">C\u00f4te d\u2019Ivoire\u00a0:\u00a0 \u00a0Laurent Gbagbo ne veut pas prendre sa retraite politique<\/a> est apparu en premier sur <a rel=\"nofollow\" href=\"https:\/\/www.sidwaya.info\/\">Quotidien Sidwaya<\/a>.<\/p>\n<\/div>\n<p>Auteur: BS. Sidwaya<br \/>\n<a href=\"https:\/\/www.sidwaya.info\/blog\/2022\/02\/16\/cote-divoire-laurent-gbagbo-ne-veut-pas-prendre-sa-retraite-politique\/?utm_source=rss&#038;utm_medium=rss&#038;utm_campaign=cote-divoire-laurent-gbagbo-ne-veut-pas-prendre-sa-retraite-politique\">Cliquez ici pour lire l&rsquo;article depuis sa source.<\/a><\/p>\n","protected":false},"excerpt":{"rendered":"<p>Lors d\u2019une visite au pr\u00e9sident de l\u2019Eglise protestante baptiste \u0153uvre et mission \u00e0 Yopougon le dimanche 13 f\u00e9vrier 2022, son fief, l\u2019ancien pr\u00e9sident de la R\u00e9publique de C\u00f4te d\u2019Ivoire, Laurent Gbagbo, a fait savoir, selon nos confr\u00e8res de fratmat.info, qu\u2019il est loin de la traite politique. \u00ab Quand on m\u2019a arr\u00eat\u00e9 en avril 2011, les [&hellip;]<\/p>\n","protected":false},"author":1816,"featured_media":0,"comment_status":"closed","ping_status":"closed","sticky":false,"template":"","format":"standard","meta":{"fifu_image_url":"","fifu_image_alt":"","footnotes":""},"categories":[73,81],"tags":[],"class_list":["post-141026","post","type-post","status-publish","format-standard","hentry","category-actualite","category-burkina-faso"],"_links":{"self":[{"href":"https:\/\/linitiative.ca\/International\/wp-json\/wp\/v2\/posts\/141026","targetHints":{"allow":["GET"]}}],"collection":[{"href":"https:\/\/linitiative.ca\/International\/wp-json\/wp\/v2\/posts"}],"about":[{"href":"https:\/\/linitiative.ca\/International\/wp-json\/wp\/v2\/types\/post"}],"author":[{"embeddable":true,"href":"https:\/\/linitiative.ca\/International\/wp-json\/wp\/v2\/users\/1816"}],"replies":[{"embeddable":true,"href":"https:\/\/linitiative.ca\/International\/wp-json\/wp\/v2\/comments?post=141026"}],"version-history":[{"count":0,"href":"https:\/\/linitiative.ca\/International\/wp-json\/wp\/v2\/posts\/141026\/revisions"}],"wp:attachment":[{"href":"https:\/\/linitiative.ca\/International\/wp-json\/wp\/v2\/media?parent=141026"}],"wp:term":[{"taxonomy":"category","embeddable":true,"href":"https:\/\/linitiative.ca\/International\/wp-json\/wp\/v2\/categories?post=141026"},{"taxonomy":"post_tag","embeddable":true,"href":"https:\/\/linitiative.ca\/International\/wp-json\/wp\/v2\/tags?post=141026"}],"curies":[{"name":"wp","href":"https:\/\/api.w.org\/{rel}","templated":true}]}}