{"id":141027,"date":"2022-02-16T13:27:47","date_gmt":"2022-02-16T18:27:47","guid":{"rendered":"https:\/\/linitiative.ca\/International\/aviculture-une-entreprise-de-volaille-de-chair-au-profit-dun-groupe-dorpailleurs-a-boudry\/"},"modified":"2022-02-16T13:27:47","modified_gmt":"2022-02-16T18:27:47","slug":"aviculture-une-entreprise-de-volaille-de-chair-au-profit-dun-groupe-dorpailleurs-a-boudry","status":"publish","type":"post","link":"https:\/\/linitiative.ca\/International\/aviculture-une-entreprise-de-volaille-de-chair-au-profit-dun-groupe-dorpailleurs-a-boudry\/","title":{"rendered":"Aviculture: Une entreprise de volaille de chair au profit d\u2019un groupe d\u2019orpailleurs \u00e0 Boudry"},"content":{"rendered":"<div>\n<p><strong>Le haut-commissaire du Ganzourgou, Ambroise Ou\u00e9draogo, a pr\u00e9sid\u00e9 le 8 f\u00e9vrier 2022, une c\u00e9r\u00e9monie de remise de cl\u00e9s d\u2019un ensemble d\u2019infrastructures entrant dans le cadre du projet Volaille de chair au b\u00e9n\u00e9fice d\u2019un groupe d\u2019orpailleurs, dans la commune rurale de Boudry, r\u00e9alis\u00e9es par SOMISA et ATS-BF.<\/strong><\/p>\n<p><strong>\u00a0<\/strong>Les activit\u00e9s de la Soci\u00e9t\u00e9 des mines de Sanbrado (SOMISA) ont impact\u00e9 les communaut\u00e9s dans la zone du site aurif\u00e8re de Sanbrado, commune de Boudry. Parmi ces communaut\u00e9s, figurent en bonne place les orpailleurs qui, jadis tiraient leur pitance de l\u2019exploitation artisanale de l\u2019or dans la zone. En effet, avec l\u2019implantation de la mine, ceux-ci ont \u00e9t\u00e9 contraints \u00e0 changer d\u2019activit\u00e9s et la plupart d\u2019entre eux peinent \u00e0 subvenir \u00e0 leurs besoins.<\/p>\n<p>Pour mitiger les impacts n\u00e9gatifs de la mine sur ces derniers, et r\u00e9pondant \u00e0 une dol\u00e9ance d\u2019un groupe d\u2019orpailleurs, SOMISA et l\u2019entreprise \u00ab\u00a0All Tour Services- Burkina Faso\u00a0\u00bb (ATS-BF), un des sous-traitants de SOMISA, ont initi\u00e9 et financ\u00e9 conjointement la r\u00e9alisation d\u2019une entreprise pour la production de volaille de chair dans le village de Pousghin.<\/p>\n<p>D\u2019un co\u00fbt global de plus de 17 millions F CFA, la r\u00e9alisation des infrastructures a \u00e9t\u00e9 confi\u00e9e \u00e0 la Soci\u00e9t\u00e9 de production aviaire et agroalimentaire (SP2A). Elles se composent d\u2019un poulailler d\u2019une capacit\u00e9 de 1100 poulets, d\u2019un magasin, d\u2019un local basse courier et d\u2019un abattoir.<\/p>\n<p>A la remise officielle des cl\u00e9s de ces infrastructures, plusieurs personnes ont pris la parole. S\u2019exprimant au nom du directeur de la mine, Elie Ou\u00e9draogo a dit la joie de SOMISA de voir ce r\u00eave cher \u00e0 la soci\u00e9t\u00e9 devenir une r\u00e9alit\u00e9.\u00a0Selon lui, la r\u00e9alisation de ce projet est la preuve que SOMISA travaille dans un partenariat gagnant-gagnant avec la communaut\u00e9. Il a salu\u00e9 l\u2019implication de ATS dans cette activit\u00e9. Tout en f\u00e9licitant l\u2019entreprise SP2A pour la qualit\u00e9 de son travail, il a souhait\u00e9 que les b\u00e9n\u00e9ficiaires \u0153uvrent \u00e0 ce que le projet puisse g\u00e9n\u00e9rer d\u2019autres emplois au sein de la communaut\u00e9.<\/p>\n<p><em>\u00ab\u00a0SOMISA attend que ce projet profite aux b\u00e9n\u00e9ficiaires, \u00e0 leurs familles et \u00e0 des g\u00e9n\u00e9rations futures.\u00a0\u00bb,<\/em> a appuy\u00e9 la coordonnatrice de d\u00e9veloppement communautaire de SOMISA en charge de la mise en \u0153uvre et du suivi du projet, Ad\u00e9line Bond\u00e9\/Kologo. Elle a souhait\u00e9 que l\u2019engouement dont les b\u00e9n\u00e9ficiaires ont fait montre depuis le d\u00e9but de la construction se poursuive. Tout en les appelant \u00e0 s\u2019investir pleinement dans leur activit\u00e9, elle a invit\u00e9 les b\u00e9n\u00e9ficiaires \u00e0 se tourner vers les institutions financi\u00e8res pour am\u00e9liorer leur ferme. Elle les a \u00e9galement invit\u00e9s \u00e0 rechercher les acheteurs partout afin de faciliter l\u2019\u00e9coulement.<\/p>\n<p><img decoding=\"async\" loading=\"lazy\" class=\"alignnone wp-image-45704 size-full\" src=\"https:\/\/linitiative.ca\/International\/wp-content\/uploads\/sites\/23\/2022\/02\/SOM1.jpg\" alt=\"\" width=\"800\" height=\"360\" srcset=\"https:\/\/linitiative.ca\/International\/wp-content\/uploads\/sites\/23\/2022\/02\/SOM1.jpg 800w, https:\/\/www.sidwaya.info\/wp-content\/uploads\/2022\/02\/SOM1-300x135.jpg 300w, https:\/\/www.sidwaya.info\/wp-content\/uploads\/2022\/02\/SOM1-768x346.jpg 768w, https:\/\/www.sidwaya.info\/wp-content\/uploads\/2022\/02\/SOM1-150x68.jpg 150w, https:\/\/www.sidwaya.info\/wp-content\/uploads\/2022\/02\/SOM1-696x313.jpg 696w\" sizes=\"auto, (max-width: 800px) 100vw, 800px\">Le responsable de la liaison avec la communaut\u00e9 de ATS-Burkina, Kibsa Sawadogo, a dit la fiert\u00e9 de sa structure de contribuer \u00e0 la r\u00e9alisation de ce projet. Outre la contribution financi\u00e8re, il a annonc\u00e9 un partenariat avec les b\u00e9n\u00e9ficiaires du projet pour l\u2019achat de leur production. <em>\u00ab\u00a0Nous invitons les b\u00e9n\u00e9ficiaires \u00e0 bien prendre soin du projet, \u00e0 le faire fructifier pour que d\u2019ici quelques temps on puisse trouver trois \u00e0 quatre b\u00e2timents qui se sont ajout\u00e9s.\u00a0\u00bb,<\/em> a-t-il dit. C\u2019est pour lui, ce qui va encourager le donateur \u00e0 r\u00e9aliser ce genre de projet pour d\u2019autres communaut\u00e9s.<\/p>\n<p>La repr\u00e9sentante de la SP2A, Mme Aminata Gouba\/Hi\u00e9,\u00a0a remerci\u00e9 SOMISA pour la confiance plac\u00e9e en son entreprise pour r\u00e9aliser les infrastructures. Elle a remerci\u00e9 les autorit\u00e9s locales qui ont facilit\u00e9 le travail et salu\u00e9 le d\u00e9vouement des b\u00e9n\u00e9ficiaires qui, selon elle, ont bien suivi le processus de construction et la formation qui leur a \u00e9t\u00e9 donn\u00e9e.<\/p>\n<p>Le repr\u00e9sentant des b\u00e9n\u00e9ficiaires, Rasman\u00e9 Simpor\u00e9, a traduit la joie de tous les orpailleurs pour ce projet. Il a remerci\u00e9 SOMISA et ATS pour l\u2019initiative. Il a invit\u00e9 toutes les personnes dynamiques int\u00e9ress\u00e9es par l\u2019aviculture \u00e0 se joindre \u00e0 eux pour d\u00e9velopper l\u2019entreprise. Toutefois, il a plaid\u00e9 aupr\u00e8s des partenaires pour l\u2019obtention d\u2019un forage pour faciliter l\u2019abreuvage de la volaille.<\/p>\n<p>Pour le haut-commissaire, Ambroise Ou\u00e9draogo, il est difficile de pouvoir satisfaire les besoins des orpailleurs impact\u00e9s par la mine. Mais il pense que SOMISA est sur la bonne voie. Il s\u2019est dit satisfait de la r\u00e9alisation de ce projet et a joint sa voix \u00e0 celle du pr\u00e9fet de Boudry et du repr\u00e9sentant du chef de Pousghin pour remercier SOMISA et son partenaire ATS. Pour lui, cette r\u00e9alisation est une \u0153uvre utile pour les orpailleurs impact\u00e9s par les travaux de la mine et va leur permettre d\u2019\u00eatre r\u00e9silients et de pouvoir s\u2019en sortir dans leur quotidien. Il a f\u00e9licit\u00e9 les b\u00e9n\u00e9ficiaires et les a encourag\u00e9s \u00e0 bien entretenir le projet. Il s\u2019est engag\u00e9 \u00e0 mener des plaidoyers aupr\u00e8s des partenaires pour que les dol\u00e9ances des b\u00e9n\u00e9ficiaires trouvent solutions.<\/p>\n<p><strong>Mo\u00efse SAMANDOULGOU<\/strong><\/p>\n<p>L\u2019article <a rel=\"nofollow\" href=\"https:\/\/www.sidwaya.info\/blog\/2022\/02\/16\/aviculture-une-entreprise-de-volaille-de-chair-au-profit-dun-groupe-dorpailleurs\/\">Aviculture: Une entreprise de volaille de chair au profit d\u2019un groupe d\u2019orpailleurs \u00e0 Boudry<\/a> est apparu en premier sur <a rel=\"nofollow\" href=\"https:\/\/www.sidwaya.info\/\">Quotidien Sidwaya<\/a>.<\/p>\n<\/div>\n<p>Auteur: BS. Sidwaya<br \/>\n<a href=\"https:\/\/www.sidwaya.info\/blog\/2022\/02\/16\/aviculture-une-entreprise-de-volaille-de-chair-au-profit-dun-groupe-dorpailleurs\/?utm_source=rss&#038;utm_medium=rss&#038;utm_campaign=aviculture-une-entreprise-de-volaille-de-chair-au-profit-dun-groupe-dorpailleurs\">Cliquez ici pour lire l&rsquo;article depuis sa source.<\/a><\/p>\n","protected":false},"excerpt":{"rendered":"<p>Le haut-commissaire du Ganzourgou, Ambroise Ou\u00e9draogo, a pr\u00e9sid\u00e9 le 8 f\u00e9vrier 2022, une c\u00e9r\u00e9monie de remise de cl\u00e9s d\u2019un ensemble d\u2019infrastructures entrant dans le cadre du projet Volaille de chair au b\u00e9n\u00e9fice d\u2019un groupe d\u2019orpailleurs, dans la commune rurale de Boudry, r\u00e9alis\u00e9es par SOMISA et ATS-BF. \u00a0Les activit\u00e9s de la Soci\u00e9t\u00e9 des mines de Sanbrado [&hellip;]<\/p>\n","protected":false},"author":1816,"featured_media":0,"comment_status":"closed","ping_status":"closed","sticky":false,"template":"","format":"standard","meta":{"fifu_image_url":"https:\/\/www.sidwaya.info\/wp-content\/uploads\/2022\/02\/SOM1.jpg","fifu_image_alt":"Aviculture: Une entreprise de volaille de chair au profit d\u2019un groupe d\u2019orpailleurs \u00e0 Boudry","footnotes":""},"categories":[73,81],"tags":[],"class_list":["post-141027","post","type-post","status-publish","format-standard","hentry","category-actualite","category-burkina-faso"],"_links":{"self":[{"href":"https:\/\/linitiative.ca\/International\/wp-json\/wp\/v2\/posts\/141027","targetHints":{"allow":["GET"]}}],"collection":[{"href":"https:\/\/linitiative.ca\/International\/wp-json\/wp\/v2\/posts"}],"about":[{"href":"https:\/\/linitiative.ca\/International\/wp-json\/wp\/v2\/types\/post"}],"author":[{"embeddable":true,"href":"https:\/\/linitiative.ca\/International\/wp-json\/wp\/v2\/users\/1816"}],"replies":[{"embeddable":true,"href":"https:\/\/linitiative.ca\/International\/wp-json\/wp\/v2\/comments?post=141027"}],"version-history":[{"count":0,"href":"https:\/\/linitiative.ca\/International\/wp-json\/wp\/v2\/posts\/141027\/revisions"}],"wp:attachment":[{"href":"https:\/\/linitiative.ca\/International\/wp-json\/wp\/v2\/media?parent=141027"}],"wp:term":[{"taxonomy":"category","embeddable":true,"href":"https:\/\/linitiative.ca\/International\/wp-json\/wp\/v2\/categories?post=141027"},{"taxonomy":"post_tag","embeddable":true,"href":"https:\/\/linitiative.ca\/International\/wp-json\/wp\/v2\/tags?post=141027"}],"curies":[{"name":"wp","href":"https:\/\/api.w.org\/{rel}","templated":true}]}}