{"id":141029,"date":"2022-02-16T11:36:18","date_gmt":"2022-02-16T16:36:18","guid":{"rendered":"https:\/\/linitiative.ca\/International\/cameroun-chefferies-bangagnte-et-balengou-retour-a-la-paix\/"},"modified":"2022-02-16T11:36:18","modified_gmt":"2022-02-16T16:36:18","slug":"cameroun-chefferies-bangagnte-et-balengou-retour-a-la-paix","status":"publish","type":"post","link":"https:\/\/linitiative.ca\/International\/cameroun-chefferies-bangagnte-et-balengou-retour-a-la-paix\/","title":{"rendered":"Cameroun : chefferies Bangagnt\u00e9 et Balengou, retour \u00e0 la paix"},"content":{"rendered":"<div>\n<p><img decoding=\"async\" width=\"1024\" height=\"576\" src=\"https:\/\/linitiative.ca\/International\/wp-content\/uploads\/sites\/23\/2022\/02\/Le-chef-Bangangte.jpg\" class=\"attachment-post-thumbnail size-post-thumbnail wp-post-image\" alt=\"Balengou et Bangangt\u00e9\" loading=\"lazy\" srcset=\"https:\/\/linitiative.ca\/International\/wp-content\/uploads\/sites\/23\/2022\/02\/Le-chef-Bangangte.jpg 1024w, https:\/\/www.journalducameroun.com\/wp-content\/uploads\/2022\/02\/Le-chef-Bangangte-300x169.jpg 300w, https:\/\/www.journalducameroun.com\/wp-content\/uploads\/2022\/02\/Le-chef-Bangangte-768x432.jpg 768w, https:\/\/www.journalducameroun.com\/wp-content\/uploads\/2022\/02\/Le-chef-Bangangte-780x440.jpg 780w, https:\/\/www.journalducameroun.com\/wp-content\/uploads\/2022\/02\/Le-chef-Bangangte-380x215.jpg 380w, https:\/\/www.journalducameroun.com\/wp-content\/uploads\/2022\/02\/Le-chef-Bangangte-160x90.jpg 160w, https:\/\/www.journalducameroun.com\/wp-content\/uploads\/2022\/02\/Le-chef-Bangangte-240x135.jpg 240w, https:\/\/www.journalducameroun.com\/wp-content\/uploads\/2022\/02\/Le-chef-Bangangte-782x440.jpg 782w, https:\/\/www.journalducameroun.com\/wp-content\/uploads\/2022\/02\/Le-chef-Bangangte-600x338.jpg 600w\" sizes=\"auto, (max-width: 1024px) 100vw, 1024px\"><\/p>\n<h2 style=\"text-align: justify;\">C\u2019est par l\u2019intervention de l\u2019\u00e9lite C\u00e9lestine Ketcha Courtes et du gouverneur de l\u2019Ouest, Awa Fonka Augustine, que la r\u00e9conciliation a pris effet.<\/h2>\n<p style=\"text-align: justify;\">La crise n\u2019aura pas dur\u00e9 longtemps. C&rsquo;est une r\u00e9union \u00e0 <strong>Bangangt\u00e9<\/strong> dans le domicile de <strong>C\u00e9lestine Ketcha Courtes<\/strong>, \u00e9lite de la localit\u00e9, qui fait revenir la paix. Plus de peur donc que de mal tant \u00e0 <strong>Balengou<\/strong> qu\u2019\u00e0 <strong>Bangangt\u00e9<\/strong>.<\/p>\n<p style=\"text-align: justify;\">Le glas avait pourtant \u00e9t\u00e9 sonn\u00e9 pour ce qui est des relations entre les deux villages. Entre menaces et interdictions, rien n\u2019allait plus dans ces deux communaut\u00e9s s\u0153urs. C\u2019est dans ce contexte que le ministre de l\u2019Administration territoriale, Paul Atanga Nji a alors prescrit la tenue d\u2019une concertation pour un retour \u00e0 la paix.<\/p>\n<p style=\"text-align: justify;\">C\u2019est fort de cela que le gouverneur de la r\u00e9gion de <strong>l\u2019Ouest<\/strong>, <strong>Awa Fonka Augustine<\/strong> a d\u00e9cid\u00e9 de r\u00e9unir les leaders traditionnels des deux villages. Pour le patron de la r\u00e9gion, il est question d\u2019examiner et de trouver une voie de sortie face aux dissensions.<\/p>\n<p style=\"text-align: justify;\">Apr\u00e8s des heures de discussion, la pilule difficile \u00e0 avaler du <a href=\"https:\/\/www.journalducameroun.com\/cameroun-le-chef-bangangte-menace-de-rendre-aveugle-son-homologue-balengou\/\">pacte ancestral non respect\u00e9 par le feu <strong>chef<\/strong> <strong>Balengou<\/strong> <strong>Marcelin Hapi<\/strong><\/a> a pu \u00eatre aval\u00e9e par le <strong>chef Bangangt\u00e9, Monluh Seidou Pokam<\/strong>. Mais elle n\u2019est pas sans effet secondaire.<\/p>\n<p style=\"text-align: justify;\">Ce dernier face \u00e0 la presse explique \u00ab\u00a0j\u2019enl\u00e8ve tous les bannissements, sauf que d\u00e9sormais, ce n\u2019est plus le chef Balengou qui va arr\u00eater le chef <strong>Bangangt\u00e9<\/strong>\u00a0\u00bb.<\/p>\n<p style=\"text-align: justify;\">Le chef Bangangt\u00e9 dans le m\u00eame sillage pr\u00e9cise que son indignation ne remet pas en cause la l\u00e9gitimit\u00e9 du successeur et nouveau chef Balengou qu\u2019est <strong>Elvis Nguemegni Hapi<\/strong>. Il souligne que <a href=\"https:\/\/www.journalducameroun.com\/cameroun-le-chef-bangangte-menace-de-rendre-aveugle-son-homologue-balengou\/\">le probl\u00e8me est celui de la violation des us et coutumes qui pendant longtemps ont li\u00e9 les deux villages<\/a>.<\/p>\n<p style=\"text-align: justify;\">Cette r\u00e9conciliation peut ainsi augurer des lendemains meilleurs pour les deux villages. C\u2019est en tout cas l\u2019avis de Mbah Ta Me Zodelo, notable \u00e0 la cour royale de Balengou. Il voit en cela un possible\u00a0r\u00e9tablissement des pactes entre le nouveau chef <strong>Balengou<\/strong> et le chef sup\u00e9rieur <strong>Bangangt\u00e9<\/strong>.<\/p>\n<p style=\"text-align: justify;\">Le nouveau chef <strong>Balengou<\/strong> ach\u00e8ve ses rites d\u2019initiation le 18 f\u00e9vrier prochain. Et il sera pr\u00e9sent\u00e9 aux autorit\u00e9s administratives par le chef Batcha.<\/p>\n<p>Cet article <a rel=\"nofollow\" href=\"https:\/\/www.journalducameroun.com\/cameroun-chefferies-bangagnte-et-balengou-retour-a-la-paix\/\">Cameroun : chefferies Bangagnt\u00e9 et Balengou, retour \u00e0 la paix<\/a> est apparu en premier sur <a rel=\"nofollow\" href=\"https:\/\/www.journalducameroun.com\/\">Journal du Cameroun<\/a>.<\/p>\n<\/div>\n<p>Auteur: Paul Wandji<br \/>\n<a href=\"https:\/\/www.journalducameroun.com\/cameroun-chefferies-bangagnte-et-balengou-retour-a-la-paix\/\">Cliquez ici pour lire l&rsquo;article depuis sa source.<\/a><\/p>\n","protected":false},"excerpt":{"rendered":"<p>C\u2019est par l\u2019intervention de l\u2019\u00e9lite C\u00e9lestine Ketcha Courtes et du gouverneur de l\u2019Ouest, Awa Fonka Augustine, que la r\u00e9conciliation a pris effet. La crise n\u2019aura pas dur\u00e9 longtemps. C&rsquo;est une r\u00e9union \u00e0 Bangangt\u00e9 dans le domicile de C\u00e9lestine Ketcha Courtes, \u00e9lite de la localit\u00e9, qui fait revenir la paix. Plus de peur donc que de [&hellip;]<\/p>\n","protected":false},"author":1965,"featured_media":0,"comment_status":"closed","ping_status":"closed","sticky":false,"template":"","format":"standard","meta":{"fifu_image_url":"https:\/\/www.journalducameroun.com\/wp-content\/uploads\/2022\/02\/Le-chef-Bangangte.jpg","fifu_image_alt":"Cameroun : chefferies Bangagnt\u00e9 et Balengou, retour \u00e0 la paix","footnotes":""},"categories":[73,82],"tags":[],"class_list":["post-141029","post","type-post","status-publish","format-standard","hentry","category-actualite","category-cameroun"],"_links":{"self":[{"href":"https:\/\/linitiative.ca\/International\/wp-json\/wp\/v2\/posts\/141029","targetHints":{"allow":["GET"]}}],"collection":[{"href":"https:\/\/linitiative.ca\/International\/wp-json\/wp\/v2\/posts"}],"about":[{"href":"https:\/\/linitiative.ca\/International\/wp-json\/wp\/v2\/types\/post"}],"author":[{"embeddable":true,"href":"https:\/\/linitiative.ca\/International\/wp-json\/wp\/v2\/users\/1965"}],"replies":[{"embeddable":true,"href":"https:\/\/linitiative.ca\/International\/wp-json\/wp\/v2\/comments?post=141029"}],"version-history":[{"count":0,"href":"https:\/\/linitiative.ca\/International\/wp-json\/wp\/v2\/posts\/141029\/revisions"}],"wp:attachment":[{"href":"https:\/\/linitiative.ca\/International\/wp-json\/wp\/v2\/media?parent=141029"}],"wp:term":[{"taxonomy":"category","embeddable":true,"href":"https:\/\/linitiative.ca\/International\/wp-json\/wp\/v2\/categories?post=141029"},{"taxonomy":"post_tag","embeddable":true,"href":"https:\/\/linitiative.ca\/International\/wp-json\/wp\/v2\/tags?post=141029"}],"curies":[{"name":"wp","href":"https:\/\/api.w.org\/{rel}","templated":true}]}}