{"id":141031,"date":"2022-02-16T12:18:03","date_gmt":"2022-02-16T17:18:03","guid":{"rendered":"https:\/\/linitiative.ca\/International\/cote-divoire-la-fao-sensibilise-sur-la-preservation-des-mangroves\/"},"modified":"2022-02-16T12:18:03","modified_gmt":"2022-02-16T17:18:03","slug":"cote-divoire-la-fao-sensibilise-sur-la-preservation-des-mangroves","status":"publish","type":"post","link":"https:\/\/linitiative.ca\/International\/cote-divoire-la-fao-sensibilise-sur-la-preservation-des-mangroves\/","title":{"rendered":"C\u00f4te d\u2019Ivoire : la FAO sensibilise sur la pr\u00e9servation des mangroves"},"content":{"rendered":"<div>\n<p><img decoding=\"async\" width=\"259\" height=\"194\" src=\"https:\/\/linitiative.ca\/International\/wp-content\/uploads\/sites\/23\/2022\/02\/16450318833475.jpg\" class=\"attachment-post-thumbnail size-post-thumbnail wp-post-image\" alt=\"\" loading=\"lazy\"><\/p>\n<p>Le Bureau de l&rsquo;Organisation des Nations Unies pour l&rsquo;alimentation et l&rsquo;agriculture (FAO) en C\u00f4te d&rsquo;Ivoire sensibilise les acteurs de la p\u00eache artisanale sur la loi r\u00e9gissant leur secteur p\u00eache et l&rsquo;urgence de pr\u00e9server les mangroves.Cette sensibilisation a lieu dans le cadre des activit\u00e9s de l&rsquo;Initiative P\u00eache C\u00f4ti\u00e8re-Afrique de l&rsquo;Ouest (IPC-AO) au profit des acteurs de la p\u00eache artisanale de Sassandra sur la loi de 2016 relative \u00e0 la p\u00eache et \u00e0 l&rsquo;aquaculture et sur l&rsquo;urgence de pr\u00e9server les mangroves.<\/p>\n<p>Pour l&rsquo;organisation, les mangroves constituent un \u00e9cosyst\u00e8me essentiel pour la vie des communaut\u00e9s c\u00f4ti\u00e8res qu&rsquo;il faut sauvegarder. La s\u00e9ance a vis\u00e9 la ville c\u00f4ti\u00e8re de Sassandra (Sud-Ouest), o\u00f9 la p\u00eache artisanale constitue l&rsquo;une des principales activit\u00e9s \u00e9conomiques.<\/p>\n<p>Selon les chiffres du rapport 2020 du bureau de l&rsquo;aquaculture et des p\u00eaches de Sassandra, cette activit\u00e9 g\u00e9n\u00e8re environ 5000 emplois directs comprenant 70% de femmes. Cependant, la loi qui r\u00e9git ce secteur est encore m\u00e9connue des acteurs de Sassandra.<\/p>\n<p>A l&rsquo;initiative de la FAO \u00e0 travers son projet IPC-AO, des s\u00e9ances de sensibilisation ont \u00e9t\u00e9 organis\u00e9es les 03 et 04 f\u00e9vrier 2022 \u00e0 l&rsquo;intention des autorit\u00e9s coutumi\u00e8res, des associations de jeunesse, des p\u00e9cheurs, des mareyeuses et des transformatrices.<\/p>\n<p>Pour Armand Zegbeu, point focal du projet IPC-AO au minist\u00e8re des Ressources animales et halieutiques, cette s\u00e9ance vise \u00e0 mieux faire conna\u00eetre aux acteurs de la p\u00eache artisanale la loi qui r\u00e9git ce secteur.<\/p>\n<p>La loi de 2016 vient pallier les insuffisances et les limites de la loi de 1986. C&rsquo;est pourquoi, dit-il, \u00ab nous avons estim\u00e9 qu&rsquo;il \u00e9tait important de mieux la vulgariser. A cet effet, un manuel a \u00e9t\u00e9 distribu\u00e9 aux acteurs lors des s\u00e9ances de sensibilisation\u00a0\u00bb.<\/p>\n<p>\u00ab J&rsquo;invite donc les acteurs \u00e0 se l&rsquo;approprier et \u00e0 en tenir compte dans l&rsquo;exercice de leur activit\u00e9. Pass\u00e9e l&rsquo;\u00e9tape de la sensibilisation, la loi devra \u00eatre appliqu\u00e9e \u00bb, a pr\u00e9venu Armand Zegbeu, le point focal du projet IPC-AO.<\/p>\n<p>La loi de 2016 est constitu\u00e9e de cinq titres, de 14 chapitres et de 121 articles. L&rsquo;article 10 interdit de faire usage dans l&rsquo;exercice de la p\u00eache, de mati\u00e8re explosive, de substances ou d&rsquo;app\u00e2t toxiques susceptibles d&rsquo;affaiblir, d&rsquo;\u00e9tourdir, d&rsquo;exciter ou de tuer les poissons, ou de contaminer leur habitat.<\/p>\n<p>En outre, l&rsquo;article 30 dispose que les produits de p\u00eaches, transform\u00e9s ou non soient soumis \u00e0 des contr\u00f4les sanitaires et v\u00e9t\u00e9rinaires rigoureux. Instruits sur ces nouvelles dispositions, les b\u00e9n\u00e9ficiaires de cette sensibilisation ont salu\u00e9 l&rsquo;initiative.<\/p>\n<p>\u00ab Cette sensibilisation a \u00e9t\u00e9 tr\u00e8s instructive pour nous. Nous avons appris que la loi nous interdit de p\u00eacher les esp\u00e8ces en voie de disparition. Ces esp\u00e8ces sont les requins marteaux, les dauphins et tous autres mammif\u00e8res marins \u00bb, a affirm\u00e9 Koranteng Daniel, un p\u00eacheur.<\/p>\n<p>M. Kacou Charles Niazou, un autre p\u00eacheur qui exerce cette activit\u00e9 depuis 25 ans a promis se conformer \u00e0 la loi sur la p\u00eache et \u00e0 l&rsquo;aquaculture en sollicitant une licence de p\u00eache aupr\u00e8s des autorit\u00e9s comp\u00e9tentes.<\/p>\n<p>\u00ab Je ne savais pas qu&rsquo;il fallait absolument avoir une licence avant d&rsquo;exercer l&rsquo;activit\u00e9 de la p\u00eache artisanale. Je m&rsquo;engage aujourd&rsquo;hui \u00e0 me mettre en conformit\u00e9 dans les meilleurs d\u00e9lais \u00bb, s&rsquo;est-il engag\u00e9.<\/p>\n<p>Les p\u00eacheurs, les mareyeuses et les transformatrices ont aussi \u00e9t\u00e9 invit\u00e9s \u00e0 contribuer \u00e0 la restauration des mangroves de Sassandra, car ces arbres pr\u00e9cieux forment un \u00e9cosyst\u00e8me particulier qui abrite de nombreuses esp\u00e8ces de poissons, de mollusques et de crustac\u00e9s.<\/p>\n<p>Par ailleurs, \u00e0 travers leur fonction de zone de fray\u00e8re, les mangroves sont indispensables pour certaines esp\u00e8ces marines comme les carpes, les silures, les m\u00e2choirons, les crabes et les \u00e9crevisses qui viennent y pondre.<\/p>\n<p>\u00ab Ces esp\u00e8ces v\u00e9g\u00e9tales, aux adaptations particuli\u00e8res constituent un g\u00eete important dont la disparition impactera de fa\u00e7on n\u00e9gative sur la reproduction et le d\u00e9veloppement de nombreuses esp\u00e8ces \u00bb, a soutenu Dr Yacoub Issola, expert national et coordonnateur du Projet IPC-AO \u00e0 la Convention d&rsquo;Abidjan.<\/p>\n<p>\u00ab A terme, les changements de comportement devraient contribuer \u00e0 inverser les probl\u00e8mes de r\u00e9duction des stocks et de diminuer les captures qui ont des r\u00e9percussions n\u00e9gatives sur l&rsquo;activit\u00e9 \u00e9conomique des acteurs des cha\u00eenes de valeur des p\u00eaches \u00bb, a-t-il ajout\u00e9.<\/p>\n<p>Quant \u00e0 Mme Germaine Tchriffo, transformatrice \u00e0 Sassandra, elle s&rsquo;est engag\u00e9e \u00e0 ne plus utiliser le bois de mangrove pour fumer les poissons. Elle a dit avoir remarqu\u00e9 que du fait de la destruction de la mangrove, le poisson se fait rare.<\/p>\n<p>Cela, poursuivra-t-elle, \u00ab impacte n\u00e9gativement notre activit\u00e9. Je m&rsquo;engage non seulement \u00e0 ne plus utiliser le bois de mangrove, mais je vais \u00e9galement sensibiliser mes coll\u00e8gues transformatrices \u00e0 \u0153uvrer \u00e0 la protection et \u00e0 la restauration des mangroves \u00bb.<\/p>\n<p>Au total, 80 participants compos\u00e9s d&rsquo;une vingtaine de p\u00eacheurs et d&rsquo;une quarantaine de mareyeuses ont pris part aux deux s\u00e9ances de sensibilisation. Au terme de l&rsquo;activit\u00e9, des cache-nez et un dispositif de lavage des mains ont \u00e9t\u00e9 offerts par le projet IPC-AO aux communaut\u00e9s et acteurs du secteur de la p\u00eache exer\u00e7ant sur le site du d\u00e9barcad\u00e8re de Sassandra.<\/p>\n<p>Le projet IPC-AO qui b\u00e9n\u00e9ficie du financement du Fonds pour l&rsquo;Environnement Mondial (FEM) est mis en \u0153uvre par la FAO et le Programme des Nations Unies pour l&rsquo;environnement (PNUE) \u00e0 travers la Convention d&rsquo;Abidjan qui travaille sur la composante de la restauration des mangroves.<\/p>\n<p>Cet article <a rel=\"nofollow\" href=\"https:\/\/www.journalducameroun.com\/cote-divoire-la-fao-sensibilise-sur-la-preservation-des-mangroves\/\">C\u00f4te d\u2019Ivoire : la FAO sensibilise sur la pr\u00e9servation des mangroves<\/a> est apparu en premier sur <a rel=\"nofollow\" href=\"https:\/\/www.journalducameroun.com\/\">Journal du Cameroun<\/a>.<\/p>\n<\/div>\n<p>Auteur: APA News<br \/>\n<a href=\"https:\/\/www.journalducameroun.com\/cote-divoire-la-fao-sensibilise-sur-la-preservation-des-mangroves\/\">Cliquez ici pour lire l&rsquo;article depuis sa source.<\/a><\/p>\n","protected":false},"excerpt":{"rendered":"<p>Le Bureau de l&rsquo;Organisation des Nations Unies pour l&rsquo;alimentation et l&rsquo;agriculture (FAO) en C\u00f4te d&rsquo;Ivoire sensibilise les acteurs de la p\u00eache artisanale sur la loi r\u00e9gissant leur secteur p\u00eache et l&rsquo;urgence de pr\u00e9server les mangroves.Cette sensibilisation a lieu dans le cadre des activit\u00e9s de l&rsquo;Initiative P\u00eache C\u00f4ti\u00e8re-Afrique de l&rsquo;Ouest (IPC-AO) au profit des acteurs de [&hellip;]<\/p>\n","protected":false},"author":1965,"featured_media":0,"comment_status":"closed","ping_status":"closed","sticky":false,"template":"","format":"standard","meta":{"fifu_image_url":"https:\/\/www.journalducameroun.com\/wp-content\/uploads\/2022\/02\/16450318833475.jpg","fifu_image_alt":"C\u00f4te d\u2019Ivoire : la FAO sensibilise sur la pr\u00e9servation des mangroves","footnotes":""},"categories":[73,82],"tags":[],"class_list":["post-141031","post","type-post","status-publish","format-standard","hentry","category-actualite","category-cameroun"],"_links":{"self":[{"href":"https:\/\/linitiative.ca\/International\/wp-json\/wp\/v2\/posts\/141031","targetHints":{"allow":["GET"]}}],"collection":[{"href":"https:\/\/linitiative.ca\/International\/wp-json\/wp\/v2\/posts"}],"about":[{"href":"https:\/\/linitiative.ca\/International\/wp-json\/wp\/v2\/types\/post"}],"author":[{"embeddable":true,"href":"https:\/\/linitiative.ca\/International\/wp-json\/wp\/v2\/users\/1965"}],"replies":[{"embeddable":true,"href":"https:\/\/linitiative.ca\/International\/wp-json\/wp\/v2\/comments?post=141031"}],"version-history":[{"count":0,"href":"https:\/\/linitiative.ca\/International\/wp-json\/wp\/v2\/posts\/141031\/revisions"}],"wp:attachment":[{"href":"https:\/\/linitiative.ca\/International\/wp-json\/wp\/v2\/media?parent=141031"}],"wp:term":[{"taxonomy":"category","embeddable":true,"href":"https:\/\/linitiative.ca\/International\/wp-json\/wp\/v2\/categories?post=141031"},{"taxonomy":"post_tag","embeddable":true,"href":"https:\/\/linitiative.ca\/International\/wp-json\/wp\/v2\/tags?post=141031"}],"curies":[{"name":"wp","href":"https:\/\/api.w.org\/{rel}","templated":true}]}}