{"id":141033,"date":"2022-02-16T14:18:03","date_gmt":"2022-02-16T19:18:03","guid":{"rendered":"https:\/\/linitiative.ca\/International\/foot-feminin-le-senegal-a-un-match-de-la-can-2022\/"},"modified":"2022-02-16T14:18:03","modified_gmt":"2022-02-16T19:18:03","slug":"foot-feminin-le-senegal-a-un-match-de-la-can-2022","status":"publish","type":"post","link":"https:\/\/linitiative.ca\/International\/foot-feminin-le-senegal-a-un-match-de-la-can-2022\/","title":{"rendered":"Foot f\u00e9minin : le S\u00e9n\u00e9gal \u00e0 un match de la Can 2022"},"content":{"rendered":"<div>\n<p><img decoding=\"async\" width=\"611\" height=\"482\" src=\"https:\/\/linitiative.ca\/International\/wp-content\/uploads\/sites\/23\/2022\/02\/16450390836330.jpg\" class=\"attachment-post-thumbnail size-post-thumbnail wp-post-image\" alt=\"\" loading=\"lazy\" srcset=\"https:\/\/linitiative.ca\/International\/wp-content\/uploads\/sites\/23\/2022\/02\/16450390836330.jpg 611w, https:\/\/www.journalducameroun.com\/wp-content\/uploads\/2022\/02\/16450390836330-300x237.jpg 300w, https:\/\/www.journalducameroun.com\/wp-content\/uploads\/2022\/02\/16450390836330-558x440.jpg 558w, https:\/\/www.journalducameroun.com\/wp-content\/uploads\/2022\/02\/16450390836330-600x473.jpg 600w\" sizes=\"auto, (max-width: 611px) 100vw, 611px\"><\/p>\n<p>Les Lionnes ont battu, ce mercredi au stade Lat Dior de Thi\u00e8s (70 kilom\u00e8tres \u00e0 l&rsquo;Est de Dakar), le Mali sur le score d&rsquo;un but \u00e0 z\u00e9ro.Le S\u00e9n\u00e9gal s&rsquo;est impos\u00e9, dans cette manche aller du second tour des \u00e9liminatoires de la Coupe d&rsquo;Afrique des nations f\u00e9minine, gr\u00e2ce \u00e0 une r\u00e9alisation de Ngu\u00e9nar Ndiaye \u00e0 la 71e minute. Lanc\u00e9e en profondeur, l&rsquo;avant-centre a lob\u00e9 du pied droit la gardienne Fatoumata Karantao sortie \u00e0 sa rencontre.<\/p>\n<p>Le Mali, dont le jeu est plus fluide, s&rsquo;est ensuite procur\u00e9 des occasions nettes pour au moins \u00e9galiser. Cependant, les offensives ont mal g\u00e9r\u00e9 ces actions. Au coup de sifflet final, le coach Mame Moussa Ciss\u00e9 et ses joueuses ont exult\u00e9 sur la pelouse.<\/p>\n<p>Dix ans apr\u00e8s son unique participation \u00e0 la Can f\u00e9minine, le S\u00e9n\u00e9gal se donne les moyens d&rsquo;\u00e9crire une nouvelle page d&rsquo;histoire le 22 f\u00e9vrier prochain \u00e0 Bamako lors du match retour. La phase finale est pr\u00e9vue du 2 au 23 juillet 2022 au Maroc.<\/p>\n<p>Cet article <a rel=\"nofollow\" href=\"https:\/\/www.journalducameroun.com\/foot-feminin-le-senegal-a-un-match-de-la-can-2022\/\">Foot f\u00e9minin : le S\u00e9n\u00e9gal \u00e0 un match de la Can 2022<\/a> est apparu en premier sur <a rel=\"nofollow\" href=\"https:\/\/www.journalducameroun.com\/\">Journal du Cameroun<\/a>.<\/p>\n<\/div>\n<p>Auteur: APA News<br \/>\n<a href=\"https:\/\/www.journalducameroun.com\/foot-feminin-le-senegal-a-un-match-de-la-can-2022\/\">Cliquez ici pour lire l&rsquo;article depuis sa source.<\/a><\/p>\n","protected":false},"excerpt":{"rendered":"<p>Les Lionnes ont battu, ce mercredi au stade Lat Dior de Thi\u00e8s (70 kilom\u00e8tres \u00e0 l&rsquo;Est de Dakar), le Mali sur le score d&rsquo;un but \u00e0 z\u00e9ro.Le S\u00e9n\u00e9gal s&rsquo;est impos\u00e9, dans cette manche aller du second tour des \u00e9liminatoires de la Coupe d&rsquo;Afrique des nations f\u00e9minine, gr\u00e2ce \u00e0 une r\u00e9alisation de Ngu\u00e9nar Ndiaye \u00e0 la [&hellip;]<\/p>\n","protected":false},"author":1965,"featured_media":0,"comment_status":"closed","ping_status":"closed","sticky":false,"template":"","format":"standard","meta":{"fifu_image_url":"https:\/\/www.journalducameroun.com\/wp-content\/uploads\/2022\/02\/16450390836330.jpg","fifu_image_alt":"Foot f\u00e9minin : le S\u00e9n\u00e9gal \u00e0 un match de la Can 2022","footnotes":""},"categories":[73,82],"tags":[],"class_list":["post-141033","post","type-post","status-publish","format-standard","hentry","category-actualite","category-cameroun"],"_links":{"self":[{"href":"https:\/\/linitiative.ca\/International\/wp-json\/wp\/v2\/posts\/141033","targetHints":{"allow":["GET"]}}],"collection":[{"href":"https:\/\/linitiative.ca\/International\/wp-json\/wp\/v2\/posts"}],"about":[{"href":"https:\/\/linitiative.ca\/International\/wp-json\/wp\/v2\/types\/post"}],"author":[{"embeddable":true,"href":"https:\/\/linitiative.ca\/International\/wp-json\/wp\/v2\/users\/1965"}],"replies":[{"embeddable":true,"href":"https:\/\/linitiative.ca\/International\/wp-json\/wp\/v2\/comments?post=141033"}],"version-history":[{"count":0,"href":"https:\/\/linitiative.ca\/International\/wp-json\/wp\/v2\/posts\/141033\/revisions"}],"wp:attachment":[{"href":"https:\/\/linitiative.ca\/International\/wp-json\/wp\/v2\/media?parent=141033"}],"wp:term":[{"taxonomy":"category","embeddable":true,"href":"https:\/\/linitiative.ca\/International\/wp-json\/wp\/v2\/categories?post=141033"},{"taxonomy":"post_tag","embeddable":true,"href":"https:\/\/linitiative.ca\/International\/wp-json\/wp\/v2\/tags?post=141033"}],"curies":[{"name":"wp","href":"https:\/\/api.w.org\/{rel}","templated":true}]}}