{"id":141035,"date":"2022-02-16T17:18:03","date_gmt":"2022-02-16T22:18:03","guid":{"rendered":"https:\/\/linitiative.ca\/International\/sahara-lue-reitere-sa-position-inchangee-de-non-reconnaissance-de-la-rasd\/"},"modified":"2022-02-16T17:18:03","modified_gmt":"2022-02-16T22:18:03","slug":"sahara-lue-reitere-sa-position-inchangee-de-non-reconnaissance-de-la-rasd","status":"publish","type":"post","link":"https:\/\/linitiative.ca\/International\/sahara-lue-reitere-sa-position-inchangee-de-non-reconnaissance-de-la-rasd\/","title":{"rendered":"Sahara: l\u2019UE r\u00e9it\u00e8re sa position inchang\u00e9e de non reconnaissance de la \u00ab\u00a0rasd\u00a0\u00bb"},"content":{"rendered":"<div>\n<p><img decoding=\"async\" width=\"298\" height=\"169\" src=\"https:\/\/linitiative.ca\/International\/wp-content\/uploads\/sites\/23\/2022\/02\/16450498848430.jpg\" class=\"attachment-post-thumbnail size-post-thumbnail wp-post-image\" alt=\"\" loading=\"lazy\" srcset=\"https:\/\/linitiative.ca\/International\/wp-content\/uploads\/sites\/23\/2022\/02\/16450498848430.jpg 298w, https:\/\/www.journalducameroun.com\/wp-content\/uploads\/2022\/02\/16450498848430-780x440.jpg 780w, https:\/\/www.journalducameroun.com\/wp-content\/uploads\/2022\/02\/16450498848430-380x215.jpg 380w, https:\/\/www.journalducameroun.com\/wp-content\/uploads\/2022\/02\/16450498848430-160x90.jpg 160w, https:\/\/www.journalducameroun.com\/wp-content\/uploads\/2022\/02\/16450498848430-240x135.jpg 240w, https:\/\/www.journalducameroun.com\/wp-content\/uploads\/2022\/02\/16450498848430-350x200.jpg 350w\" sizes=\"auto, (max-width: 298px) 100vw, 298px\"><\/p>\n<p>L&rsquo;Union europ\u00e9enne (UE) a r\u00e9it\u00e9r\u00e9, mercredi, que sa position n&rsquo;a pas chang\u00e9 concernant la question du Sahara, pr\u00e9cisant qu&rsquo;aucun de ses Etats membres ne reconna\u00eet la \u00ab\u00a0R\u00e9publique arabe sahraouie-Rasd\u00a0\u00bb.R\u00e9pondant \u00e0 une question sur une invitation qui serait adress\u00e9e aux s\u00e9paratistes pour le sommet Union europ\u00e9enne-Union africaine qui s&rsquo;ouvre jeudi \u00e0 Bruxelles, le Porte-parole de l&rsquo;UE pour les Affaires \u00e9trang\u00e8res et la politique de s\u00e9curit\u00e9 Peter Stano, a insist\u00e9 sur le fait que la partie europ\u00e9enne n&rsquo;a pas invit\u00e9 le polisario.<\/p>\n<p>\u00ab\u00a0Le point fondamental \u00e0 clarifier est que pour ce Sommet, l&rsquo;Union europ\u00e9enne est co-organisateur avec l&rsquo;Union Africaine (&#8230;) donc c&rsquo;est l&rsquo;Union Africaine qui s&rsquo;est charg\u00e9e de l&rsquo;invitation\u00a0\u00bb du c\u00f4t\u00e9 africain, a-t-il expliqu\u00e9.<\/p>\n<p>Il a pr\u00e9cis\u00e9 que cette invitation de l&rsquo;Union Africaine \u00ab\u00a0ne change rien \u00e0 la position de l&rsquo;Union europ\u00e9enne\u00a0\u00bb, \u00e0 savoir qu&rsquo;elle ne reconna\u00eet pas cette entit\u00e9, pas plus qu&rsquo;aucun des Etats membres de l&rsquo;UE ne la reconna\u00eet.<\/p>\n<p>Il y a lieu de rappeler que cette position s&rsquo;inscrit dans la continuit\u00e9 de celle que l&rsquo;UE avait exprim\u00e9e lors du Sommet UE-UA d&rsquo;Abidjan en 2017.<\/p>\n<p>Cet article <a rel=\"nofollow\" href=\"https:\/\/www.journalducameroun.com\/sahara-lue-reitere-sa-position-inchangee-de-non-reconnaissance-de-la-rasd\/\">Sahara: l\u2019UE r\u00e9it\u00e8re sa position inchang\u00e9e de non reconnaissance de la \u00ab\u00a0rasd\u00a0\u00bb<\/a> est apparu en premier sur <a rel=\"nofollow\" href=\"https:\/\/www.journalducameroun.com\/\">Journal du Cameroun<\/a>.<\/p>\n<\/div>\n<p>Auteur: APA News<br \/>\n<a href=\"https:\/\/www.journalducameroun.com\/sahara-lue-reitere-sa-position-inchangee-de-non-reconnaissance-de-la-rasd\/\">Cliquez ici pour lire l&rsquo;article depuis sa source.<\/a><\/p>\n","protected":false},"excerpt":{"rendered":"<p>L&rsquo;Union europ\u00e9enne (UE) a r\u00e9it\u00e9r\u00e9, mercredi, que sa position n&rsquo;a pas chang\u00e9 concernant la question du Sahara, pr\u00e9cisant qu&rsquo;aucun de ses Etats membres ne reconna\u00eet la \u00ab\u00a0R\u00e9publique arabe sahraouie-Rasd\u00a0\u00bb.R\u00e9pondant \u00e0 une question sur une invitation qui serait adress\u00e9e aux s\u00e9paratistes pour le sommet Union europ\u00e9enne-Union africaine qui s&rsquo;ouvre jeudi \u00e0 Bruxelles, le Porte-parole de l&rsquo;UE [&hellip;]<\/p>\n","protected":false},"author":1965,"featured_media":0,"comment_status":"closed","ping_status":"closed","sticky":false,"template":"","format":"standard","meta":{"fifu_image_url":"https:\/\/www.journalducameroun.com\/wp-content\/uploads\/2022\/02\/16450498848430.jpg","fifu_image_alt":"Sahara: l\u2019UE r\u00e9it\u00e8re sa position inchang\u00e9e de non reconnaissance de la \u00ab\u00a0rasd\u00a0\u00bb","footnotes":""},"categories":[73,82],"tags":[],"class_list":["post-141035","post","type-post","status-publish","format-standard","hentry","category-actualite","category-cameroun"],"_links":{"self":[{"href":"https:\/\/linitiative.ca\/International\/wp-json\/wp\/v2\/posts\/141035","targetHints":{"allow":["GET"]}}],"collection":[{"href":"https:\/\/linitiative.ca\/International\/wp-json\/wp\/v2\/posts"}],"about":[{"href":"https:\/\/linitiative.ca\/International\/wp-json\/wp\/v2\/types\/post"}],"author":[{"embeddable":true,"href":"https:\/\/linitiative.ca\/International\/wp-json\/wp\/v2\/users\/1965"}],"replies":[{"embeddable":true,"href":"https:\/\/linitiative.ca\/International\/wp-json\/wp\/v2\/comments?post=141035"}],"version-history":[{"count":0,"href":"https:\/\/linitiative.ca\/International\/wp-json\/wp\/v2\/posts\/141035\/revisions"}],"wp:attachment":[{"href":"https:\/\/linitiative.ca\/International\/wp-json\/wp\/v2\/media?parent=141035"}],"wp:term":[{"taxonomy":"category","embeddable":true,"href":"https:\/\/linitiative.ca\/International\/wp-json\/wp\/v2\/categories?post=141035"},{"taxonomy":"post_tag","embeddable":true,"href":"https:\/\/linitiative.ca\/International\/wp-json\/wp\/v2\/tags?post=141035"}],"curies":[{"name":"wp","href":"https:\/\/api.w.org\/{rel}","templated":true}]}}