{"id":141037,"date":"2022-02-16T17:18:03","date_gmt":"2022-02-16T22:18:03","guid":{"rendered":"https:\/\/linitiative.ca\/International\/tourisme-lancement-de-deux-nouvelles-campagnes-pour-promouvoir-la-destination-maroc\/"},"modified":"2022-02-16T17:18:03","modified_gmt":"2022-02-16T22:18:03","slug":"tourisme-lancement-de-deux-nouvelles-campagnes-pour-promouvoir-la-destination-maroc","status":"publish","type":"post","link":"https:\/\/linitiative.ca\/International\/tourisme-lancement-de-deux-nouvelles-campagnes-pour-promouvoir-la-destination-maroc\/","title":{"rendered":"Tourisme: lancement de deux nouvelles campagnes pour promouvoir la destination Maroc"},"content":{"rendered":"<div>\n<p><img decoding=\"async\" width=\"275\" height=\"184\" src=\"https:\/\/linitiative.ca\/International\/wp-content\/uploads\/sites\/23\/2022\/02\/16450498831166.jpg\" class=\"attachment-post-thumbnail size-post-thumbnail wp-post-image\" alt=\"\" loading=\"lazy\"><\/p>\n<p>L&rsquo;Office national marocain du tourisme (ONMT) a lanc\u00e9, mercredi, deux campagnes simultan\u00e9es pour promouvoir la destination Maroc, l&rsquo;une pour le tourisme national, l&rsquo;autre en direction des march\u00e9s internationaux.\u00a0\u00bbApr\u00e8s avoir assur\u00e9 un red\u00e9marrage commercial effectif via une tourn\u00e9e europ\u00e9enne aupr\u00e8s des principaux acteurs du tourisme, ayant permis de relancer la confiance et de s\u00e9curiser les capacit\u00e9s a\u00e9riennes et les offres des voyagistes, l&rsquo;ONMT se mobilise simultan\u00e9ment sur un autre axe principal de sa mission : la promotion de l&rsquo;image de la destination Maroc\u00a0\u00bb, indique l&rsquo;Office dans un communiqu\u00e9.\u00a0<\/p>\n<p>En d\u00e9ployant une strat\u00e9gie de communication cibl\u00e9e, notamment \u00e0 travers les canaux digitaux, l&rsquo;Office ambitionne de relancer l&rsquo;engouement autour de l&rsquo;offre Maroc et de raffermir son attractivit\u00e9, en tant que destination accessible, s\u00fbre et d\u00e9paysante, offrant une diversit\u00e9 d&rsquo;exp\u00e9riences sans \u00e9gal.\u00a0<\/p>\n<p>En direction de l&rsquo;international, la campagne se d\u00e9ploie sur trois phases, afin de capter l&rsquo;attention des voyageurs potentiels et d&rsquo;amorcer une reprise dynamique d\u00e8s la saison Hiver en cours et pour les vacances de Printemps \u00e0 venir, pr\u00e9cise l&rsquo;Office.<br \/>\n\t\u00c0 partir de la fin f\u00e9vrier, il s&rsquo;agira de maximiser la port\u00e9e de l&rsquo;op\u00e9ration \u00e0 travers la publication de contenus vid\u00e9o inspirants intitul\u00e9s Visit Morocco Originals. Ceux-ci mettront en sc\u00e8ne les th\u00e9matiques alimentant l&rsquo;image de grande diversit\u00e9 de l&rsquo;offre Maroc et r\u00e9pondant aux multiples aspirations des voyageurs: culture, nature, mer, montagne et d\u00e9sert, sport ou \u00e9vasion.\u00a0<\/p>\n<p>Par ailleurs, sur le segment domestique, un dispositif d&rsquo;influence est \u00e9galement pr\u00e9vu, durant toute la semaine du 14 f\u00e9vrier, afin de renforcer la notori\u00e9t\u00e9 de la marque \u00ab\u00a0Ntla9awfbladna\u00a0\u00bb \u00e0 travers deux concepts innovants.\u00a0<\/p>\n<p>L&rsquo;op\u00e9ration de chasse au tr\u00e9sor \u00abMaroc Trip\u00bb mettra en comp\u00e9tition dans un parcours exp\u00e9rientiel deux \u00e9quipes d&rsquo;influenceurs marocains, un \u00ab\u00a0team jeunes\u00a0\u00bb et un \u00ab\u00a0team famille\u00a0\u00bb partant \u00e0 la d\u00e9couverte des r\u00e9gions du Maroc. Par ailleurs, le concours photo sur Instagram \u00ab\u00a0#Nsafro_Wnchoufo_Challenge\u00a0\u00bb mobilisera des talents marocains et leurs communaut\u00e9s.<\/p>\n<p>Cet article <a rel=\"nofollow\" href=\"https:\/\/www.journalducameroun.com\/tourisme-lancement-de-deux-nouvelles-campagnes-pour-promouvoir-la-destination-maroc\/\">Tourisme: lancement de deux nouvelles campagnes pour promouvoir la destination Maroc<\/a> est apparu en premier sur <a rel=\"nofollow\" href=\"https:\/\/www.journalducameroun.com\/\">Journal du Cameroun<\/a>.<\/p>\n<\/div>\n<p>Auteur: APA News<br \/>\n<a href=\"https:\/\/www.journalducameroun.com\/tourisme-lancement-de-deux-nouvelles-campagnes-pour-promouvoir-la-destination-maroc\/\">Cliquez ici pour lire l&rsquo;article depuis sa source.<\/a><\/p>\n","protected":false},"excerpt":{"rendered":"<p>L&rsquo;Office national marocain du tourisme (ONMT) a lanc\u00e9, mercredi, deux campagnes simultan\u00e9es pour promouvoir la destination Maroc, l&rsquo;une pour le tourisme national, l&rsquo;autre en direction des march\u00e9s internationaux.\u00a0\u00bbApr\u00e8s avoir assur\u00e9 un red\u00e9marrage commercial effectif via une tourn\u00e9e europ\u00e9enne aupr\u00e8s des principaux acteurs du tourisme, ayant permis de relancer la confiance et de s\u00e9curiser les capacit\u00e9s [&hellip;]<\/p>\n","protected":false},"author":1965,"featured_media":0,"comment_status":"closed","ping_status":"closed","sticky":false,"template":"","format":"standard","meta":{"fifu_image_url":"https:\/\/www.journalducameroun.com\/wp-content\/uploads\/2022\/02\/16450498831166.jpg","fifu_image_alt":"Tourisme: lancement de deux nouvelles campagnes pour promouvoir la destination Maroc","footnotes":""},"categories":[73,82],"tags":[],"class_list":["post-141037","post","type-post","status-publish","format-standard","hentry","category-actualite","category-cameroun"],"_links":{"self":[{"href":"https:\/\/linitiative.ca\/International\/wp-json\/wp\/v2\/posts\/141037","targetHints":{"allow":["GET"]}}],"collection":[{"href":"https:\/\/linitiative.ca\/International\/wp-json\/wp\/v2\/posts"}],"about":[{"href":"https:\/\/linitiative.ca\/International\/wp-json\/wp\/v2\/types\/post"}],"author":[{"embeddable":true,"href":"https:\/\/linitiative.ca\/International\/wp-json\/wp\/v2\/users\/1965"}],"replies":[{"embeddable":true,"href":"https:\/\/linitiative.ca\/International\/wp-json\/wp\/v2\/comments?post=141037"}],"version-history":[{"count":0,"href":"https:\/\/linitiative.ca\/International\/wp-json\/wp\/v2\/posts\/141037\/revisions"}],"wp:attachment":[{"href":"https:\/\/linitiative.ca\/International\/wp-json\/wp\/v2\/media?parent=141037"}],"wp:term":[{"taxonomy":"category","embeddable":true,"href":"https:\/\/linitiative.ca\/International\/wp-json\/wp\/v2\/categories?post=141037"},{"taxonomy":"post_tag","embeddable":true,"href":"https:\/\/linitiative.ca\/International\/wp-json\/wp\/v2\/tags?post=141037"}],"curies":[{"name":"wp","href":"https:\/\/api.w.org\/{rel}","templated":true}]}}