{"id":141039,"date":"2022-02-16T09:58:54","date_gmt":"2022-02-16T14:58:54","guid":{"rendered":"https:\/\/linitiative.ca\/International\/crise-du-pain-limplacable-hausse-du-prix-que-refute-le-gouvernement\/"},"modified":"2022-02-16T09:58:54","modified_gmt":"2022-02-16T14:58:54","slug":"crise-du-pain-limplacable-hausse-du-prix-que-refute-le-gouvernement","status":"publish","type":"post","link":"https:\/\/linitiative.ca\/International\/crise-du-pain-limplacable-hausse-du-prix-que-refute-le-gouvernement\/","title":{"rendered":"Crise du pain\u00a0: l\u2019implacable hausse du prix que r\u00e9fute le Gouvernement"},"content":{"rendered":"<div>\n<p>Le gouvernement du Cameroun a beau claironner que le prix de la baguette de pain de 200g, la plus pris\u00e9e des consommateurs, n\u2019a pas augment\u00e9, mais la r\u00e9alit\u00e9 qui se vit sur le terrain est tout autre. Depuis pr\u00e8s d\u2019une semaine, le pain correspondant au grammage susmentionn\u00e9 est vendu dans les \u00e9choppes \u00e0 150 FCFA, soit une hausse de 25 FCFA. Cette hausse s\u2019est op\u00e9r\u00e9e en catimini, sans doute \u00e0 l\u2019insu du gouvernement, qui soutient qu\u2019aucun rench\u00e9rissement n\u2019est d\u00e9j\u00e0 applicable sur le prix du pain. Dans une note d\u2019information publi\u00e9e mardi dernier sur sa page Facebook, le minist\u00e8re du Commerce d\u00e9clare\u00a0: \u00ab\u00a0Jusqu\u2019\u00e0 nouvel avis, le prix de la baguette de 200 grammes reste\u00a0\u00a0inchang\u00e9 \u00e0 125 FCFA, de m\u00eame que celui du sac de farine de 50 kg qui continue de co\u00fbter 19.000 FCFA au stade du consommateur final\u00a0\u00bb.<\/p>\n<p><strong>Lire aussi : <a href=\"https:\/\/ecomatin.net\/consommation-incertitudes-sur-la-livraison-de-pain-a-bertoua\/\">Consommation : incertitudes sur la livraison de pain \u00e0 Bertoua<\/a><\/strong><\/p>\n<p>Une sortie qui contraste avec la r\u00e9alit\u00e9 du terrain, et qui laisse m\u00eame songeur sur la r\u00e9gulation des prix sur le march\u00e9, otage des fluctuations au gr\u00e9 des secteurs d\u2019activit\u00e9. Le sac de farine de 50kg justement, connait des variations de prix depuis le d\u00e9but de l\u2019ann\u00e9e, et se vend d\u00e9sormais entre 20\u00a0000 et 23\u00a0000 FCFA, \u00e0 en croire certains commer\u00e7ants au d\u00e9tail. \u00ab\u00a0On ach\u00e8te pr\u00e9sentement un sac de farine SGMC \u00e0 23\u00a0000 FCFA chez les grossistes et on vend le kilo \u00e0 500 FCFA, alors que \u00e7a co\u00fbtait 450 FCFA\u00a0\u00bb, a confi\u00e9 une revendeuse de Yaound\u00e9 \u00e0 EcoMatin. Le gouvernement, autant que les acteurs de l\u2019industrie meuni\u00e8re et de la p\u00e2tisserie, feignent d\u2019ignorer cette \u00e9vidence. Ils abondent dans le m\u00eame sens que les pouvoirs publics, et feignent d\u2019admettre que cette hausse de fait r\u00e9sulte d\u2019une conjugaison de facteurs qui leur sont pr\u00e9alablement imputables.<\/p>\n<p><strong>Lire aussi : <a href=\"https:\/\/ecomatin.net\/importation-de-ble-le-gouvernement-etudie-la-possibilite-dapprovisionner-le-marche-local-en-ble-dorigine-turque\/\">Importation de bl\u00e9 : le gouvernement \u00e9tudie la possibilit\u00e9 d\u2019approvisionner le march\u00e9 local en bl\u00e9 d\u2019origine turque<\/a><\/strong><\/p>\n<p><strong>Livraison de la farine de bl\u00e9<\/strong><\/p>\n<p>Tout est parti des menaces brandies par les meuniers, pour revendiquer des mesures d\u2019accompagnement du gouvernement visant \u00e0 faire face \u00e0 la hausse des prix des mati\u00e8res premi\u00e8res sur le march\u00e9 international, et \u00e0 une explosion jusqu\u2019\u00e0 400% des co\u00fbts du fret maritime \u00e0 cause de la pand\u00e9mie de la Covid-19. Le gouvernement a certes pris des all\u00e8gements fiscaux, jug\u00e9s fam\u00e9liques et insatisfaisants par les meuniers, lesquels ont entrepris dans un premier temps, le 8 f\u00e9vrier dernier, de suspendre les livraisons de bl\u00e9 sur l\u2019ensemble du territoire, avant de revenir sur cette d\u00e9cision le 9 f\u00e9vrier \u00e0 en croire le minist\u00e8re du Commerce.<\/p>\n<p>\u00ab A l\u2019issue de la concertation entre le Groupement\u00a0des industries meuni\u00e8res du Cameroun (GIMC) et le gouverneur de la r\u00e9gion du Littoral le 9 f\u00e9vrier 2022, les livraisons de la farine de bl\u00e9 ont continu\u00e9 sur toute l\u2019\u00e9tendue du territoire. Selon Alfred\u00a0Momo Ebongue, le secr\u00e9taire g\u00e9n\u00e9ral du GIMC, les livraisons sont effectives en attendant les concertations avec le gouvernement pour \u00ab sortir de cet \u00e9tat de crise \u00bb. Et de poursuivre que jusqu\u2019ici les prix du pain et autres produits d\u00e9riv\u00e9s ne sont pas impact\u00e9s\u00a0\u00bb, indique le Mincommerce.<\/p>\n<p><strong>Lire aussi : <a href=\"https:\/\/ecomatin.net\/les-meuniers-suspendent-la-livraison-n-de-la-farine-de-ble-sur-toute-letendue-du-territoire-national\/\">Les meuniers suspendent la livraison de la farine de bl\u00e9 sur toute l\u2019\u00e9tendue du territoire national<\/a><\/strong><\/p>\n<p><strong>Le Ponce-pilatisme des boulangers<\/strong><\/p>\n<p>A l\u2019image du gouvernement et des meuniers, les boulangers sont dans le d\u00e9ni de cette r\u00e9alit\u00e9. Le Syndicat patronal des boulangers du Cameroun (SPBC) soutient \u00e9galement que les prix sont inchang\u00e9s, mais reconna\u00eet que les marges sur les prix de livraison de la baguette ont \u00e9volu\u00e9, sans pour autant en donner les raisons v\u00e9ritables. \u00ab Les boulangers ont diminu\u00e9 les marges des revendeurs (ceux qui s\u2019approvisionnent aupr\u00e8s des boulangeries pour ensuite revendre dans les quartiers, ndlr). Vous savez que dans notre m\u00e9tier il y a une branche qui est ind\u00e9pendante, c\u2019est celle des revendeurs ind\u00e9pendants. Comme nous ne voulons pas augmenter le prix du pain pour menacer la paix dans notre pays, les boulangers ont plut\u00f4t diminu\u00e9 leurs marges. Ce sont eux qui font le chantage partout o\u00f9 on vend le pain dans les quartiers \u00bb, argumente Jean Claude Yiepmou Kapwa, le pr\u00e9sident du SPBC, dans un de nos r\u00e9cents articles. Il rench\u00e9rit\u00a0:\u00a0\u00ab\u00a0La baguette de pain qui leur \u00e9tait livr\u00e9e au prix unitaire de 100 F, leur est d\u00e9sormais fournie \u00e0 110F\u00bb. Il va sans dire que les revendeurs et tenanciers des \u00e9choppes, ainsi impact\u00e9s par cette conjonction de facteurs, n\u2019ont eu d\u2019autre choix que d\u2019imputer les manques \u00e0 gagner dans le portefeuille du consommateur. Sans doute le Mincommerce devra-t-il se d\u00e9ployer \u00e0 travers sa Brigade nationale de r\u00e9pression et de contr\u00f4le des fraudes pour veiller \u00e0 l\u2019applicabilit\u00e9 des prix homologu\u00e9s dans ce secteur\u00a0? Mais en attendant, la baguette co\u00fbte d\u00e9sormais 150 FCFA chez Diallo\u00a0!<\/p>\n<p><strong>Lire aussi : <a href=\"https:\/\/ecomatin.net\/importations-de-ble-le-mincommerce-impose-un-fournisseur-de-ble-turc\/\">Importations de bl\u00e9 : le Mincommerce impose un fournisseur de bl\u00e9 turc<\/a><\/strong><\/p>\n<p>L\u2019article <a rel=\"nofollow\" href=\"https:\/\/ecomatin.net\/crise-du-pain-limplacable-hausse-du-prix-que-refute-le-gouvernement\/\">&lt;strong&gt;Crise du pain\u00a0: l&lt;\/strong&gt;&lt;strong&gt;\u2019implacable hausse du prix que r\u00e9fute le Gouvernement&lt;\/strong&gt;<\/a> est apparu en premier sur <a rel=\"nofollow\" href=\"https:\/\/ecomatin.net\/\">EcoMatin<\/a>.<\/p>\n<\/div>\n<p>Auteur: Yannick KENNE<br \/>\n<a href=\"https:\/\/ecomatin.net\/crise-du-pain-limplacable-hausse-du-prix-que-refute-le-gouvernement\/\">Cliquez ici pour lire l&rsquo;article depuis sa source.<\/a><\/p>\n","protected":false},"excerpt":{"rendered":"<p>Le gouvernement du Cameroun a beau claironner que le prix de la baguette de pain de 200g, la plus pris\u00e9e des consommateurs, n\u2019a pas augment\u00e9, mais la r\u00e9alit\u00e9 qui se vit sur le terrain est tout autre. Depuis pr\u00e8s d\u2019une semaine, le pain correspondant au grammage susmentionn\u00e9 est vendu dans les \u00e9choppes \u00e0 150 FCFA, [&hellip;]<\/p>\n","protected":false},"author":1969,"featured_media":0,"comment_status":"closed","ping_status":"closed","sticky":false,"template":"","format":"standard","meta":{"fifu_image_url":"","fifu_image_alt":"","footnotes":""},"categories":[82,78],"tags":[],"class_list":["post-141039","post","type-post","status-publish","format-standard","hentry","category-cameroun","category-economie"],"_links":{"self":[{"href":"https:\/\/linitiative.ca\/International\/wp-json\/wp\/v2\/posts\/141039","targetHints":{"allow":["GET"]}}],"collection":[{"href":"https:\/\/linitiative.ca\/International\/wp-json\/wp\/v2\/posts"}],"about":[{"href":"https:\/\/linitiative.ca\/International\/wp-json\/wp\/v2\/types\/post"}],"author":[{"embeddable":true,"href":"https:\/\/linitiative.ca\/International\/wp-json\/wp\/v2\/users\/1969"}],"replies":[{"embeddable":true,"href":"https:\/\/linitiative.ca\/International\/wp-json\/wp\/v2\/comments?post=141039"}],"version-history":[{"count":0,"href":"https:\/\/linitiative.ca\/International\/wp-json\/wp\/v2\/posts\/141039\/revisions"}],"wp:attachment":[{"href":"https:\/\/linitiative.ca\/International\/wp-json\/wp\/v2\/media?parent=141039"}],"wp:term":[{"taxonomy":"category","embeddable":true,"href":"https:\/\/linitiative.ca\/International\/wp-json\/wp\/v2\/categories?post=141039"},{"taxonomy":"post_tag","embeddable":true,"href":"https:\/\/linitiative.ca\/International\/wp-json\/wp\/v2\/tags?post=141039"}],"curies":[{"name":"wp","href":"https:\/\/api.w.org\/{rel}","templated":true}]}}