{"id":14104,"date":"2019-02-14T08:50:04","date_gmt":"2019-02-14T13:50:04","guid":{"rendered":"https:\/\/linitiative.ca\/International\/tchad-un-leopard-blesse-10-personnes-a-ndjamena-2\/"},"modified":"2019-02-14T08:50:04","modified_gmt":"2019-02-14T13:50:04","slug":"tchad-un-leopard-blesse-10-personnes-a-ndjamena-2","status":"publish","type":"post","link":"https:\/\/linitiative.ca\/International\/tchad-un-leopard-blesse-10-personnes-a-ndjamena-2\/","title":{"rendered":"Tchad: un l\u00e9opard blesse 10 personnes \u00e0 N\u2019Djamena"},"content":{"rendered":"<div readability=\"32\">\n<p>Publi\u00e9 le 14.02.2019 \u00e0 14h50 par AFP<\/p>\n<\/div>\n<div readability=\"64\">\n<p>Un l\u00e9opard a bless\u00e9 dix personnes jeudi matin \u00e0 N\u2019Djamena avant d\u2019\u00eatre abattu par les forces de l\u2019ordre, ont rapport\u00e9 des t\u00e9moins \u00e0 l\u2019AFP.<\/p>\n<p>\u00ab\u00a0Aux environs de 7h, le l\u00e9opard est rentr\u00e9 dans la maison d un colonel de l\u2019arm\u00e9e o\u00f9 il a bless\u00e9 cinq personnes, dont une femme\u00a0\u00bb, a indiqu\u00e9 Moussa Issa, un habitant du quartier d\u2019Amsinene situ\u00e9 dans le nord de la capitale tchadienne o\u00f9 l\u2019animal r\u00f4dait.<\/p>\n<p>Selon un autre habitant du quartier, il est ensuite entr\u00e9 dans une \u00e9cole primaire, o\u00f9 il a bless\u00e9 quatre \u00e9l\u00e8ves et un enseignant.<\/p>\n<p>\u00ab\u00a0Il s\u2019est ensuite dirig\u00e9 vers le quartier voisin non loin d\u2019un camp militaire, c\u2019est l\u00e0 qu\u2019il a \u00e9t\u00e9 abattu par les forces de l\u2019ordre\u00a0\u00bb, selon M. Issa.<\/p>\n<p><ins data-revive-zoneid=\"9\" data-revive-id=\"10111e19d28d19d031742ee3b0b33eb0\"\/> <\/p>\n<p>Selon plusieurs habitants du quartier, ce l\u00e9opard serait un animal domestique appartenant \u00e0 un dignitaire de l\u2019arm\u00e9e tchadienne.<\/p>\n<p>Selon l\u2019ONG Panthera, le nombre de l\u00e9opards a diminu\u00e9 d\u2019au moins 40% en Afrique ces derni\u00e8res ann\u00e9es, mais il n\u2019existe pas d\u2019estimation fiable de leur population totale dans le monde.<\/p>\n<p>Le l\u00e9opard (panthera pardus) est class\u00e9 comme vuln\u00e9rable sur la liste de l\u2019Union internationale pour la conservation de la nature (UICN).<\/p>\n<\/div>\n<p>Auteur: AFP<br \/>\n<a href=\"https:\/\/www.journalducameroun.com\/tchad-un-leopard-blesse-10-personnes-a-ndjamena\/\">Cliquez ici pour lire l&rsquo;article depuis sa source.<\/a><\/p>\n","protected":false},"excerpt":{"rendered":"<p>Publi\u00e9 le 14.02.2019 \u00e0 14h50 par AFP Un l\u00e9opard a bless\u00e9 dix personnes jeudi matin \u00e0 N\u2019Djamena avant d\u2019\u00eatre abattu par les forces de l\u2019ordre, ont rapport\u00e9 des t\u00e9moins \u00e0 l\u2019AFP. \u00ab\u00a0Aux environs de 7h, le l\u00e9opard est rentr\u00e9 dans la maison d un colonel de l\u2019arm\u00e9e o\u00f9 il a bless\u00e9 cinq personnes, dont une [&hellip;]<\/p>\n","protected":false},"author":1965,"featured_media":0,"comment_status":"closed","ping_status":"closed","sticky":false,"template":"","format":"standard","meta":{"fifu_image_url":"","fifu_image_alt":"","footnotes":""},"categories":[73,82],"tags":[],"class_list":["post-14104","post","type-post","status-publish","format-standard","hentry","category-actualite","category-cameroun"],"_links":{"self":[{"href":"https:\/\/linitiative.ca\/International\/wp-json\/wp\/v2\/posts\/14104","targetHints":{"allow":["GET"]}}],"collection":[{"href":"https:\/\/linitiative.ca\/International\/wp-json\/wp\/v2\/posts"}],"about":[{"href":"https:\/\/linitiative.ca\/International\/wp-json\/wp\/v2\/types\/post"}],"author":[{"embeddable":true,"href":"https:\/\/linitiative.ca\/International\/wp-json\/wp\/v2\/users\/1965"}],"replies":[{"embeddable":true,"href":"https:\/\/linitiative.ca\/International\/wp-json\/wp\/v2\/comments?post=14104"}],"version-history":[{"count":0,"href":"https:\/\/linitiative.ca\/International\/wp-json\/wp\/v2\/posts\/14104\/revisions"}],"wp:attachment":[{"href":"https:\/\/linitiative.ca\/International\/wp-json\/wp\/v2\/media?parent=14104"}],"wp:term":[{"taxonomy":"category","embeddable":true,"href":"https:\/\/linitiative.ca\/International\/wp-json\/wp\/v2\/categories?post=14104"},{"taxonomy":"post_tag","embeddable":true,"href":"https:\/\/linitiative.ca\/International\/wp-json\/wp\/v2\/tags?post=14104"}],"curies":[{"name":"wp","href":"https:\/\/api.w.org\/{rel}","templated":true}]}}