{"id":141040,"date":"2022-02-16T10:13:15","date_gmt":"2022-02-16T15:13:15","guid":{"rendered":"https:\/\/linitiative.ca\/International\/inflation-la-baguette-de-pain-passe-a-150-fcfa\/"},"modified":"2022-02-16T10:13:15","modified_gmt":"2022-02-16T15:13:15","slug":"inflation-la-baguette-de-pain-passe-a-150-fcfa","status":"publish","type":"post","link":"https:\/\/linitiative.ca\/International\/inflation-la-baguette-de-pain-passe-a-150-fcfa\/","title":{"rendered":"Inflation: la baguette de pain passe \u00e0 150 FCFA"},"content":{"rendered":"<div>\n<p>Le Syndicat patronal des boulangers du Cameroun est cat\u00e9gorique. Le prix de la baguette de pain demeure le m\u00eame que celui arr\u00eat\u00e9 au lendemain des \u00e9meutes de la faim de 2008. Pour se procurer le pr\u00e9cieux s\u00e9same, le consommateur lambda doit toujours d\u00e9bourser la somme de 125f. Sauf que, comme nous le rappelle si bien les r\u00e9alit\u00e9s soci\u00e9tales locales, la v\u00e9rit\u00e9 des conventions est loin d\u2019\u00eatre celle du terrain. Si l\u2019on s\u2019en tient aux informations recueillies aupr\u00e8s des consommateurs de la ville de Yaound\u00e9, le prix de la baguette de pain vendue dans les \u00e9choppes de proximit\u00e9 conna\u00eet depuis quelques jours une hausse de 25 F. Il est notamment pass\u00e9 de 125 F \u00e0 150 F.<\/p>\n<p><strong>Lire aussi<\/strong> : <strong><a href=\"https:\/\/ecomatin.net\/importations-de-ble-le-mincommerce-impose-un-fournisseur-de-ble-turc\/\">Importations de bl\u00e9 : le Mincommerce impose un fournisseur de bl\u00e9 turc<\/a><\/strong><\/p>\n<p>Au quartier Nkomo dans l\u2019arrondissement de Yaound\u00e9 IV, Murielle N. en a fait l\u2019am\u00e8re exp\u00e9rience vendredi dernier. La jeune dame s\u2019est rendue dans une boutique situ\u00e9e non loin de son lieu de r\u00e9sidence pour se procurer une baguette de pain qu\u2019elle envisageait de d\u00e9guster, accompagn\u00e9e de sardines en boite. Arriv\u00e9e sur place, elle a tendu une somme de 200 F au boutiquier. Ce dernier, apr\u00e8s avoir emball\u00e9 le produit dans du papier, lui a remis une pi\u00e8ce de 50 F. \u00c9tonn\u00e9e, Murielle lui demande \u00ab pourquoi il a lui a remis 50F et non 75 F comme d\u2019habitude\u00bb et au boutiquier de r\u00e9pondre que \u00abc\u2019est comme \u00e7a d\u00e9sormais, car celui qui lui livre du pain a augment\u00e9 le prix du pain \u00e0 la livraison\u00bb. Dans un autre quartier de la ville de Yaound\u00e9, plus pr\u00e9cis\u00e9ment \u00e0 Tsinga, aux encablures de la sous-pr\u00e9fecture, Judith M. a eu toute la peine du monde \u00e0 se procurer du pain samedi 12 f\u00e9vrier 2021. Le boutiquier chez qui elle se ravitaille habituellement n\u2019en n\u2019avait pas. \u00abUne gr\u00e8ve des revendeurs serait \u00e0 l\u2019origine la non livraison\u00bb, lui a-t-il dit. Quand elle est revenue plus tard en chercher, le tenancier avait d\u00e9j\u00e0 re\u00e7u son quota journalier de pains. Seulement, il vend d\u00e9sormais l\u2019unit\u00e9 \u00e0 150 F contrairement \u00e0 125F la veille. Dans d\u2019autres quartiers comme Titi Garage, Ewankan et Biteng, c\u2019est le m\u00eame constat. Il faut d\u00e9sormais se munir d\u2019un somme de 150 F, pour se procurer du pain.<\/p>\n<p><strong>Lire aussi<\/strong> : <strong><a href=\"https:\/\/ecomatin.net\/importation-de-ble-le-gouvernement-etudie-la-possibilite-dapprovisionner-le-marche-local-en-ble-dorigine-turque\/\">Importation de bl\u00e9 : le gouvernement \u00e9tudie la possibilit\u00e9 d\u2019approvisionner le march\u00e9 local en bl\u00e9 d\u2019origine turque<\/a><\/strong><\/p>\n<p>Contact\u00e9 par Ecomatin, le Syndicat patronal des boulangers du Cameroun nie toute augmentation officielle du pain. \u00abNous n\u2019avons pas augment\u00e9 le prix du pain\u00bb, mart\u00e8le Yiepmou Kapwa Jean Claude, pr\u00e9sident national du Syndicat patronal des boulangers du Cameroun. Ce qui se passe, pr\u00e9cise-t-il par la suite, c\u2019est que \u00ab les boulangers ont diminu\u00e9 les marges des revendeurs (ceux qui s\u2019approvisionnent aupr\u00e8s des boulangeries pour ensuite revendre dans les quartiers, ndlr). Vous savez que dans notre m\u00e9tier il y a une branche qui est ind\u00e9pendante, c\u2019est celle des revendeurs ind\u00e9pendants. Comme nous ne voulons pas augmenter le prix du pain pour menacer la paix dans notre pays, les boulangers ont plut\u00f4t diminu\u00e9 leurs marges. Ce sont eux qui font le chantage partout o\u00f9 on\u00a0vend le pain dans les quartiers\u00bb, ajoute-t-il. A la question de savoir si les marges sus-\u00e9voqu\u00e9es repr\u00e9sentent la hausse du prix unitaire de la baguette de pain propos\u00e9 aux revendeurs ind\u00e9pendants, Yiepmou Kapwa Jean Claude r\u00e9pond par l\u2019affirmative, en r\u00e9v\u00e9lant que \u00able pain qu\u2019il proposait par exemple aux revendeurs \u00e0 la livraison \u00e0 80F, coute d\u00e9sormais 85 F\u00bb. Et d\u2019ajouter que \u00abLe pain qu\u2019on leur vendait \u00e0 80 F ou 85 F, on a diminu\u00e9 peut-\u00eatre 5F sur leurs marges. L\u00e0 o\u00f9 ils avaient 20 F, on laisse 15F. Mais si vous allez dans n\u2019importe quelle boulangerie, vous allez acheter votre pain \u00e0 125F\u00bb, renseigne-t-il. En clair, indiquent certains tenanciers de boutiques rencontr\u00e9s par votre journal, \u00abla baguette de pain qui leur \u00e9tait livr\u00e9 au prix unitaire de 100 F, leur est d\u00e9sormais fourni \u00e0 110F\u00bb. Toutes choses qui poussent\u00a0donc ces derniers \u00e0 augmenter le prix de vente de la baguette de pain dans les quartiers, pour tenter d\u2019obtenir des b\u00e9n\u00e9fices plus cons\u00e9quents.<\/p>\n<p><strong>Lire aussi<\/strong> : <strong><a href=\"https:\/\/ecomatin.net\/consommation-incertitudes-sur-la-livraison-de-pain-a-bertoua\/\">Consommation : incertitudes sur la livraison de pain \u00e0 Bertoua<\/a><\/strong><\/p>\n<p>Toutefois, si les vendeurs ind\u00e9pendants entretiennent la sp\u00e9culation autour du prix de la baguette du pain dans les quartiers, c\u2019est parce que les boulangers au sortir d\u2019une r\u00e9union de concertation tenue avec le minist\u00e8re du Commerce, ont obtenu de ce d\u00e9partement minist\u00e9riel, certaines garanties pour l\u2019all\u00e8gement de leur charges de production, notamment l\u2019augmentation officieuse sus-\u00e9voqu\u00e9e. \u00ab Nous ne pouvons pas augmenter le prix de mani\u00e8re unilat\u00e9rale. Le seul moyen que nous avons conclu lors de notre derni\u00e8re r\u00e9union avec le ministre du Commerce, c\u2019\u00e9tait de diminuer les marges des intervenants. Pour pouvoir le rejeter sur le co\u00fbt du march\u00e9, eux ils vont exag\u00e9rer dans les quartiers. Maintenant c\u2019est \u00e0 l\u2019administration de s\u00e9vir et\u00a0\u00a0demandant \u00e0 ceux-l\u00e0 d\u2019arr\u00eater la sp\u00e9culation \u00bb, a-t-il conclu.<\/p>\n<p><strong>Lire aussi<\/strong> : <strong><a href=\"https:\/\/ecomatin.net\/menace-de-hausse-du-prix-du-pain-des-minotiers-se-desolidarisent-de-la-demarche-de-leur-groupement\/\">Menace de hausse du prix du pain : des minotiers se d\u00e9solidarisent de la d\u00e9marche de leur groupement<\/a><\/strong><\/p>\n<p>Pour m\u00e9moire, rappelons que l\u2019ensemble de la fili\u00e8re conna\u00eet des remous depuis plusieurs mois. R\u00e9cemment, les entreprises membres du Groupement des industries meuni\u00e8res du Cameroun ont suspendu la livraison de farine de bl\u00e9 et de son de bl\u00e9 sur toute l\u2019\u00e9tendue du territoire national. Une mesure subs\u00e9quente \u00e0 la hausse continue des prix du bl\u00e9 \u00e0 l\u2019importation et l\u2019absence de mesures gouvernementales cons\u00e9quentes pour aider les op\u00e9rateurs \u00e0 acqu\u00e9rir cette mati\u00e8re premi\u00e8re n\u00e9cessaire \u00e0 la fabrication de la farine. Le gouvernement a finalement r\u00e9agi, en conc\u00e9dant quelques avantages fiscaux aux meuniers pour all\u00e9ger leurs charges de production.<\/p>\n<p><strong>R\u00e9action du gouvernement<\/strong><\/p>\n<p>Ayant certainement eu vent de la situation pr\u00e9sent\u00e9e plus haut, le gouvernement a officiellement r\u00e9agi dans la soir\u00e9e du mardi 15 f\u00e9vrier 2022. Dans une note d\u2019information qui a \u00e9t\u00e9 rendue publique par le minist\u00e8re du Commerce, le chef de ce d\u00e9partement minist\u00e9riel soutient que \u00abJusqu\u2019\u00e0 nouvel avis, le prix de la baguette de 200 grammes reste inchang\u00e9 \u00e0 125 FCFA, de m\u00eame que celui du sac de farine de 50 kg qui continue de couter 19.000 FCFA au stade du consommateur final\u00bb. Il pr\u00e9cise par la suite qu\u2019\u00ab\u00e0 l\u2019issue de la concertation entre le Groupement des industries meuni\u00e8res du Cameroun (GIMC) et le gouverneur de la r\u00e9gion du Littoral le 9 f\u00e9vrier 2022, les livraisons de la farine de bl\u00e9 ont continu\u00e9 sur toute l\u2019\u00e9tendue du territoire\u00bb. En ce qui concerne la sp\u00e9culation entretenue dans les quartiers, le minist\u00e8re du Commerce tente de rassurer l\u2019opinion nationale. Il indique \u00e0 propos que \u00ables \u00e9quipes de la brigade nationale de r\u00e9pression et de contr\u00f4le des fraudes du minist\u00e8re du Commerce veillent au grain\u00bb.<\/p>\n<p><strong>Lire aussi<\/strong> : <strong><a href=\"https:\/\/ecomatin.net\/consommation-les-prix-des-fruits-et-viandes-en-hausse-a-yaounde\/\">Consommation : les prix des fruits et viandes en hausse \u00e0 Yaound\u00e9<\/a><\/strong><\/p>\n<p>L\u2019article <a rel=\"nofollow\" href=\"https:\/\/ecomatin.net\/inflation-la-baguette-de-pain-passe-a-150-fcfa\/\">Inflation: la baguette de pain passe \u00e0 150 FCFA<\/a> est apparu en premier sur <a rel=\"nofollow\" href=\"https:\/\/ecomatin.net\/\">EcoMatin<\/a>.<\/p>\n<\/div>\n<p>Auteur: Paul Tjeg<br \/>\n<a href=\"https:\/\/ecomatin.net\/inflation-la-baguette-de-pain-passe-a-150-fcfa\/\">Cliquez ici pour lire l&rsquo;article depuis sa source.<\/a><\/p>\n","protected":false},"excerpt":{"rendered":"<p>Le Syndicat patronal des boulangers du Cameroun est cat\u00e9gorique. Le prix de la baguette de pain demeure le m\u00eame que celui arr\u00eat\u00e9 au lendemain des \u00e9meutes de la faim de 2008. Pour se procurer le pr\u00e9cieux s\u00e9same, le consommateur lambda doit toujours d\u00e9bourser la somme de 125f. Sauf que, comme nous le rappelle si bien [&hellip;]<\/p>\n","protected":false},"author":1969,"featured_media":0,"comment_status":"closed","ping_status":"closed","sticky":false,"template":"","format":"standard","meta":{"fifu_image_url":"","fifu_image_alt":"","footnotes":""},"categories":[82,78],"tags":[],"class_list":["post-141040","post","type-post","status-publish","format-standard","hentry","category-cameroun","category-economie"],"_links":{"self":[{"href":"https:\/\/linitiative.ca\/International\/wp-json\/wp\/v2\/posts\/141040","targetHints":{"allow":["GET"]}}],"collection":[{"href":"https:\/\/linitiative.ca\/International\/wp-json\/wp\/v2\/posts"}],"about":[{"href":"https:\/\/linitiative.ca\/International\/wp-json\/wp\/v2\/types\/post"}],"author":[{"embeddable":true,"href":"https:\/\/linitiative.ca\/International\/wp-json\/wp\/v2\/users\/1969"}],"replies":[{"embeddable":true,"href":"https:\/\/linitiative.ca\/International\/wp-json\/wp\/v2\/comments?post=141040"}],"version-history":[{"count":0,"href":"https:\/\/linitiative.ca\/International\/wp-json\/wp\/v2\/posts\/141040\/revisions"}],"wp:attachment":[{"href":"https:\/\/linitiative.ca\/International\/wp-json\/wp\/v2\/media?parent=141040"}],"wp:term":[{"taxonomy":"category","embeddable":true,"href":"https:\/\/linitiative.ca\/International\/wp-json\/wp\/v2\/categories?post=141040"},{"taxonomy":"post_tag","embeddable":true,"href":"https:\/\/linitiative.ca\/International\/wp-json\/wp\/v2\/tags?post=141040"}],"curies":[{"name":"wp","href":"https:\/\/api.w.org\/{rel}","templated":true}]}}