{"id":141046,"date":"2022-02-17T07:55:23","date_gmt":"2022-02-17T12:55:23","guid":{"rendered":"https:\/\/linitiative.ca\/International\/industries-un-rapprochement-public-prive-pour-renforcer-la-formation-dans-le-secteur\/"},"modified":"2022-02-17T07:55:23","modified_gmt":"2022-02-17T12:55:23","slug":"industries-un-rapprochement-public-prive-pour-renforcer-la-formation-dans-le-secteur","status":"publish","type":"post","link":"https:\/\/linitiative.ca\/International\/industries-un-rapprochement-public-prive-pour-renforcer-la-formation-dans-le-secteur\/","title":{"rendered":"Industries : Un rapprochement public-priv\u00e9 pour renforcer la formation dans le secteur"},"content":{"rendered":"<div>\n<p><img loading=\"lazy\" decoding=\"async\" width=\"300\" height=\"153\" src=\"https:\/\/linitiative.ca\/International\/wp-content\/uploads\/sites\/23\/2022\/02\/Industrie-Ryad-Mezzour-et-Chakib-Alj-et-Abdelmoumen-Hakim-et-Karim-Cheikh-1-300x153-1.jpg\" class=\"attachment-medium size-medium wp-post-image\" alt=\"\" srcset=\"https:\/\/linitiative.ca\/International\/wp-content\/uploads\/sites\/23\/2022\/02\/Industrie-Ryad-Mezzour-et-Chakib-Alj-et-Abdelmoumen-Hakim-et-Karim-Cheikh-1-300x153-1.jpg 300w, https:\/\/aujourdhui.ma\/wp-content\/uploads\/2022\/02\/Industrie-Ryad-Mezzour-et-Chakib-Alj-et-Abdelmoumen-Hakim-et-Karim-Cheikh-1-274x140.jpg 274w, https:\/\/aujourdhui.ma\/wp-content\/uploads\/2022\/02\/Industrie-Ryad-Mezzour-et-Chakib-Alj-et-Abdelmoumen-Hakim-et-Karim-Cheikh-1.jpg 746w, https:\/\/aujourdhui.ma\/wp-content\/uploads\/2022\/02\/Industrie-Ryad-Mezzour-et-Chakib-Alj-et-Abdelmoumen-Hakim-et-Karim-Cheikh-1-165x84.jpg 165w, https:\/\/aujourdhui.ma\/wp-content\/uploads\/2022\/02\/Industrie-Ryad-Mezzour-et-Chakib-Alj-et-Abdelmoumen-Hakim-et-Karim-Cheikh-1-702x358.jpg 702w\" sizes=\"auto, (max-width: 300px) 100vw, 300px\"><\/p>\n<p><span style=\"font-size: 20px; color: #800000;\"><strong>Ce rapprochement r\u00e9sulte d\u2019une \u00e9tude lanc\u00e9e par le d\u00e9partement de l\u2019industrie, avec l\u2019appui de la BERD et en partenariat avec les signataires pr\u00e9cit\u00e9s. Le but \u00e9tant de mettre le partenariat public-priv\u00e9 au service d\u2019une formation adapt\u00e9e au besoin croissant et de plus en plus pointu des industriels en comp\u00e9tences sp\u00e9cialis\u00e9es.<\/strong><\/span><span id=\"more-400103\"><\/span><\/p>\n<p>Un nouveau partenariat public-priv\u00e9 vient d\u2019\u00eatre scell\u00e9 pour renforcer la formation dans les secteurs industriels. Une convention a \u00e9t\u00e9 sign\u00e9e mardi 15 f\u00e9vrier entre Ryad Mezzour, ministre de l\u2019industrie et du commerce, Abellatif Miraoui, ministre de l\u2019enseignement sup\u00e9rieur, de la recherche scientifique et de l\u2019innovation, Chakib Alj, pr\u00e9sident de la Conf\u00e9d\u00e9ration g\u00e9n\u00e9rale des entreprises du Maroc (CGEM), Abdelmoumen Hakim, pr\u00e9sident de l\u2019Association marocaine pour l\u2019industrie et la construction automobiles (AMICA), et Karim Cheikh, pr\u00e9sident du Groupement des industries marocaines a\u00e9ronautiques et spatiales (GIMAS). Ce rapprochement r\u00e9sulte d\u2019une \u00e9tude lanc\u00e9e par le d\u00e9partement de l\u2019industrie, avec l\u2019appui de la BERD et en partenariat avec les signataires pr\u00e9cit\u00e9s. Le but \u00e9tant de mettre le partenariat public-priv\u00e9 au service d\u2019une formation adapt\u00e9e au besoin croissant et de plus en plus pointu des industriels en comp\u00e9tences sp\u00e9cialis\u00e9es. \u00abC\u2019est au capital humain que nous devons l\u2019essor de notre industrie. Sa Majest\u00e9 le Roi Mohammed VI a plac\u00e9 la formation au c\u0153ur des priorit\u00e9s nationales dans la perspective de doter notre pays de comp\u00e9tences \u00e0 m\u00eame de relever les d\u00e9fis de la comp\u00e9titivit\u00e9 mondiale et de renforcer notre souverainet\u00e9 industrielle\u00bb, indique dans ce sens Ryad Mezzour.<\/p>\n<p>Et de poursuivre que \u00abcette convention r\u00e9pond \u00e0 cet objectif et aux recommandations du nouveau mod\u00e8le de d\u00e9veloppement (NMD) mises en \u0153uvre par le gouvernement\u00bb. En plus de la mise \u00e0 niveau de la formation existante, cette convention vise l\u2019int\u00e9gration progressive de modules de formation sur les soft skills, la production durable\/d\u00e9carbon\u00e9e et l\u2019industrie 4.0, mais aussi l\u2019implication des industriels dans l\u2019am\u00e9lioration de l\u2019offre de formation des universit\u00e9s, notamment pour les secteurs automobile et a\u00e9ronautique. \u00abLa cr\u00e9ation d\u2019emplois gr\u00e2ce \u00e0 une formation sur mesure \u00e0 la fois technique, manag\u00e9riale et de softs skills attendues de l\u2019ing\u00e9nieur, du cadre et du technicien de demain. Avec une meilleure optimisation enseignement sup\u00e9rieur-emploi, nos jeunes seront plus et mieux impliqu\u00e9s dans le d\u00e9veloppement et la modernisation de notre industrie\u00bb, pr\u00e9cise le ministre de l\u2019industrie et du commerce. L\u2019engagement du minist\u00e8re de l\u2019industrie et du commerce se mat\u00e9rialise dans le fait de mobiliser les acteurs industriels et leurs repr\u00e9sentants (CGEM, AMICA et GIMAS) \u00e0 conclure des conventions sp\u00e9cifiques avec les universit\u00e9s et \u00e0 contribuer \u00e0 la conception ainsi qu\u2019\u00e0 la mise en \u0153uvre des programmes de formation. A cette fin, le d\u00e9partement de l\u2019industrie facilitera les partenariats entre les parties priv\u00e9es et le minist\u00e8re de l\u2019enseignement sup\u00e9rieur- les universit\u00e9s, pour la cr\u00e9ation de fili\u00e8res et de sp\u00e9cialisations.<\/p>\n<p><img loading=\"lazy\" decoding=\"async\" class=\"aligncenter size-full wp-image-400113\" src=\"https:\/\/linitiative.ca\/International\/wp-content\/uploads\/sites\/23\/2022\/02\/Industrie-Ryad-Mezzour-et-Chakib-Alj-et-Abdelmoumen-Hakim-et-Karim-Cheikh.jpg\" alt=\"\" width=\"746\" height=\"380\" srcset=\"https:\/\/linitiative.ca\/International\/wp-content\/uploads\/sites\/23\/2022\/02\/Industrie-Ryad-Mezzour-et-Chakib-Alj-et-Abdelmoumen-Hakim-et-Karim-Cheikh.jpg 746w, https:\/\/aujourdhui.ma\/wp-content\/uploads\/2022\/02\/Industrie-Ryad-Mezzour-et-Chakib-Alj-et-Abdelmoumen-Hakim-et-Karim-Cheikh-300x153.jpg 300w, https:\/\/aujourdhui.ma\/wp-content\/uploads\/2022\/02\/Industrie-Ryad-Mezzour-et-Chakib-Alj-et-Abdelmoumen-Hakim-et-Karim-Cheikh-274x140.jpg 274w, https:\/\/aujourdhui.ma\/wp-content\/uploads\/2022\/02\/Industrie-Ryad-Mezzour-et-Chakib-Alj-et-Abdelmoumen-Hakim-et-Karim-Cheikh-165x84.jpg 165w, https:\/\/aujourdhui.ma\/wp-content\/uploads\/2022\/02\/Industrie-Ryad-Mezzour-et-Chakib-Alj-et-Abdelmoumen-Hakim-et-Karim-Cheikh-702x358.jpg 702w\" sizes=\"auto, (max-width: 746px) 100vw, 746px\"><\/p>\n<p><span style=\"color: #ff0000;\"><strong>Le corps universitaire mobilis\u00e9<\/strong><\/span><\/p>\n<p>En termes de formation, le d\u00e9partement de l\u2019enseignement sup\u00e9rieur, de la recherche scientifique et de l\u2019innovation s\u2019engage \u00e0 mobiliser les universit\u00e9s pour former des ing\u00e9nieurs, des cadres moyens et des techniciens sup\u00e9rieurs selon les besoins sp\u00e9cifiques exprim\u00e9s par les industriels via la CGEM, l\u2019AMICA et le GIMAS. Cette mobilisation contribuerait en effet \u00e0 combler le gap quantitatif et qualitatif en formation des ing\u00e9nieurs, cadres moyens et techniciens sp\u00e9cialis\u00e9s, \u00e0 l\u2019horizon 2025. Ceci passe par l\u2019adaptation du contenu des fili\u00e8res existantes relatives \u00e0 10 macro-fili\u00e8res pour les profils ing\u00e9nieurs et 8 macro-fili\u00e8res pour les TS et les cadres moyens et la cr\u00e9ation de 13 nouvelles fili\u00e8res\/sp\u00e9cialisations dans les nouveaux m\u00e9tiers de l\u2019industrie. \u00abNous avons entam\u00e9 un chantier de transformation de port\u00e9e multidimensionnelle, visant \u00e0 propulser la qualit\u00e9 de l\u2019\u00e9cosyst\u00e8me de l\u2019enseignement sup\u00e9rieur, de la recherche scientifique et de l\u2019innovation et \u00e0 rehausser substantiellement son apport au d\u00e9veloppement de notre pays. La finalit\u00e9 premi\u00e8re de ce chantier structurant est de former un capital humain de haute qualit\u00e9 r\u00e9pondant davantage aux besoins actuels et futurs des diff\u00e9rents secteurs de l\u2019\u00e9conomie nationale\u00bb, peut-on relever du ministre de l\u2019enseignement sup\u00e9rieur, de la recherche scientifique et de l\u2019innovation. Et de poursuivre que \u00abla convention conclue proc\u00e8de de cette pr\u00e9occupation majeure et devra concourir au renforcement des synergies entre l\u2019\u00e9cosyst\u00e8me de l\u2019ESRI et les secteurs productifs, pour une comp\u00e9titivit\u00e9 et une attractivit\u00e9 renforc\u00e9e de l\u2019\u00e9conomie nationale\u00bb. Au titre de cette convention, le d\u00e9partement de Miraoui proc\u00e8dera \u00e0 l\u2019augmentation du volume consacr\u00e9 aux aspects soft skills, \u00e0 l\u2019int\u00e9gration de modules de formation li\u00e9s \u00e0 l\u2019industrie 4.0 et \u00e0 la production durable\/d\u00e9carbon\u00e9e. Le d\u00e9partement minist\u00e9riel incitera dans ce sens les universit\u00e9s \u00e0 impliquer les acteurs industriels et leurs repr\u00e9sentants (CGEM, AMICA et GIMAS) dans la conception des programmes de formation tout en facilitant les partenariats entreprises\/universit\u00e9s pour la cr\u00e9ation de fili\u00e8res et sp\u00e9cialisations.<\/p>\n<p><span style=\"color: #ff0000;\"><strong>Des conventions sp\u00e9cifiques en cours<\/strong><\/span><\/p>\n<p>Du c\u00f4t\u00e9 des op\u00e9rateurs priv\u00e9s, la Conf\u00e9d\u00e9ration g\u00e9n\u00e9rale des entreprises du Maroc, l\u2019Association marocaine de l\u2019industrie et la construction automobiles et le Groupement des industries marocaines a\u00e9ronautiques et spatiales s\u2019engagent \u00e0 conclure des conventions sp\u00e9cifiques avec les universit\u00e9s. Ces accords portent sur la formation des profils d\u00e9termin\u00e9s selon leurs besoins (actualis\u00e9s annuellement). L\u2019id\u00e9e \u00e9tant \u00e9galement de contribuer \u00e0 l\u2019am\u00e9lioration des programmes de formation et \u00e0 l\u2019insertion des dipl\u00f4m\u00e9s au sein des entreprises qu\u2019ils repr\u00e9sentent. Les op\u00e9rateurs priv\u00e9s s\u2019engagent, \u00e9galement, \u00e0 impliquer les entreprises dans la conception des programmes de formation, entre autres. Notons que cette convention-cadre sera mise en \u0153uvre dans le cadre de conventions sp\u00e9cifiques qui seront conclues entre la CGEM, l\u2019AMICA, le GIMAS et les universit\u00e9s.<\/p>\n<p>\u00a0<\/p>\n<\/div>\n<p>Auteur: Kawtar Tali<br \/>\n<a href=\"https:\/\/aujourdhui.ma\/economie\/industries-un-rapprochement-public-prive-pour-renforcer-la-formation-dans-le-secteur\">Cliquez ici pour lire l&rsquo;article depuis sa source.<\/a><\/p>\n","protected":false},"excerpt":{"rendered":"<p>Ce rapprochement r\u00e9sulte d\u2019une \u00e9tude lanc\u00e9e par le d\u00e9partement de l\u2019industrie, avec l\u2019appui de la BERD et en partenariat avec les signataires pr\u00e9cit\u00e9s. Le but \u00e9tant de mettre le partenariat public-priv\u00e9 au service d\u2019une formation adapt\u00e9e au besoin croissant et de plus en plus pointu des industriels en comp\u00e9tences sp\u00e9cialis\u00e9es. Un nouveau partenariat public-priv\u00e9 vient [&hellip;]<\/p>\n","protected":false},"author":1759,"featured_media":0,"comment_status":"closed","ping_status":"closed","sticky":false,"template":"","format":"standard","meta":{"fifu_image_url":"https:\/\/aujourdhui.ma\/wp-content\/uploads\/2022\/02\/Industrie-Ryad-Mezzour-et-Chakib-Alj-et-Abdelmoumen-Hakim-et-Karim-Cheikh-1-300x153.jpg","fifu_image_alt":"Industries : Un rapprochement public-priv\u00e9 pour renforcer la formation dans le secteur","footnotes":""},"categories":[73,54],"tags":[],"class_list":["post-141046","post","type-post","status-publish","format-standard","hentry","category-actualite","category-maroc"],"_links":{"self":[{"href":"https:\/\/linitiative.ca\/International\/wp-json\/wp\/v2\/posts\/141046","targetHints":{"allow":["GET"]}}],"collection":[{"href":"https:\/\/linitiative.ca\/International\/wp-json\/wp\/v2\/posts"}],"about":[{"href":"https:\/\/linitiative.ca\/International\/wp-json\/wp\/v2\/types\/post"}],"author":[{"embeddable":true,"href":"https:\/\/linitiative.ca\/International\/wp-json\/wp\/v2\/users\/1759"}],"replies":[{"embeddable":true,"href":"https:\/\/linitiative.ca\/International\/wp-json\/wp\/v2\/comments?post=141046"}],"version-history":[{"count":0,"href":"https:\/\/linitiative.ca\/International\/wp-json\/wp\/v2\/posts\/141046\/revisions"}],"wp:attachment":[{"href":"https:\/\/linitiative.ca\/International\/wp-json\/wp\/v2\/media?parent=141046"}],"wp:term":[{"taxonomy":"category","embeddable":true,"href":"https:\/\/linitiative.ca\/International\/wp-json\/wp\/v2\/categories?post=141046"},{"taxonomy":"post_tag","embeddable":true,"href":"https:\/\/linitiative.ca\/International\/wp-json\/wp\/v2\/tags?post=141046"}],"curies":[{"name":"wp","href":"https:\/\/api.w.org\/{rel}","templated":true}]}}