{"id":141051,"date":"2022-02-17T10:00:41","date_gmt":"2022-02-17T15:00:41","guid":{"rendered":"https:\/\/linitiative.ca\/International\/bientot-une-academie-de-la-mode-a-casablanca\/"},"modified":"2022-02-17T10:00:41","modified_gmt":"2022-02-17T15:00:41","slug":"bientot-une-academie-de-la-mode-a-casablanca","status":"publish","type":"post","link":"https:\/\/linitiative.ca\/International\/bientot-une-academie-de-la-mode-a-casablanca\/","title":{"rendered":"Bient\u00f4t une acad\u00e9mie de la mode \u00e0 Casablanca"},"content":{"rendered":"<div>\n<p><img loading=\"lazy\" decoding=\"async\" width=\"300\" height=\"153\" src=\"https:\/\/linitiative.ca\/International\/wp-content\/uploads\/sites\/23\/2022\/02\/Bientot-une-academie-de-la-mode-a-Casablanca-300x153-1.jpg\" class=\"attachment-medium size-medium wp-post-image\" alt=\"\" srcset=\"https:\/\/linitiative.ca\/International\/wp-content\/uploads\/sites\/23\/2022\/02\/Bientot-une-academie-de-la-mode-a-Casablanca-300x153-1.jpg 300w, https:\/\/aujourdhui.ma\/wp-content\/uploads\/2022\/02\/Bientot-une-academie-de-la-mode-a-Casablanca-274x140.jpg 274w, https:\/\/aujourdhui.ma\/wp-content\/uploads\/2022\/02\/Bientot-une-academie-de-la-mode-a-Casablanca.jpg 746w, https:\/\/aujourdhui.ma\/wp-content\/uploads\/2022\/02\/Bientot-une-academie-de-la-mode-a-Casablanca-165x84.jpg 165w, https:\/\/aujourdhui.ma\/wp-content\/uploads\/2022\/02\/Bientot-une-academie-de-la-mode-a-Casablanca-702x358.jpg 702w\" sizes=\"auto, (max-width: 300px) 100vw, 300px\"><\/p>\n<p><span style=\"color: #800000;\"><strong>Le Conseil de gouvernement, r\u00e9uni jeudi par visioconf\u00e9rence sous la pr\u00e9sidence du Chef du gouvernement, Aziz Akhannouch, a approuv\u00e9 le projet de d\u00e9cret n\u00b0 2.21.199 relatif \u00e0 cr\u00e9ation d\u2019une acad\u00e9mie de la mode \u00e0 Casablanca.<\/strong><\/span><span id=\"more-400166\"><\/span><\/p>\n<p>Pr\u00e9sent\u00e9 par le ministre de l\u2019Inclusion \u00e9conomique, de la petite entreprise, du travail et des comp\u00e9tences, Younes Sekkouri, ce projet est une concr\u00e9tisation de la d\u00e9cision de mise en place d\u2019un \u00e9tablissement de formation dans le domaine de la cr\u00e9ation et de la mode, dans le cadre du Pacte national pour l\u2019\u00e9mergence industrielle, a indiqu\u00e9 le ministre d\u00e9l\u00e9gu\u00e9 charg\u00e9 des Relations avec le parlement, porte-parole du gouvernement, Mustapha Baitas, lors d\u2019un point de presse \u00e0 l\u2019issue du Conseil.<\/p>\n<p>La gestion de l\u2019Acad\u00e9mie sera confi\u00e9e \u00e0 l\u2019Association Marocaine des Industries du Textile et de l\u2019Habillement (AMITH), qui se chargera ainsi de la formation en vue de pr\u00e9parer et d\u2019attribuer un dipl\u00f4me de technicien sp\u00e9cialis\u00e9, de la formation en cours d\u2019emploi et du conseil technique aux entreprises et de la diffusion d\u2019informations relatives au domaine de la cr\u00e9ation et de la mode en faveur des entreprises, outre la valorisation de la cr\u00e9ation au Maroc via l\u2019organisation d\u2019\u00e9v\u00e9nements autour des arts appliqu\u00e9s, l\u2019art de vivre et la mode.<\/p>\n<\/div>\n<p>Auteur: ALM<br \/>\n<a href=\"https:\/\/aujourdhui.ma\/actualite\/bientot-une-academie-de-la-mode-a-casablanca\">Cliquez ici pour lire l&rsquo;article depuis sa source.<\/a><\/p>\n","protected":false},"excerpt":{"rendered":"<p>Le Conseil de gouvernement, r\u00e9uni jeudi par visioconf\u00e9rence sous la pr\u00e9sidence du Chef du gouvernement, Aziz Akhannouch, a approuv\u00e9 le projet de d\u00e9cret n\u00b0 2.21.199 relatif \u00e0 cr\u00e9ation d\u2019une acad\u00e9mie de la mode \u00e0 Casablanca. Pr\u00e9sent\u00e9 par le ministre de l\u2019Inclusion \u00e9conomique, de la petite entreprise, du travail et des comp\u00e9tences, Younes Sekkouri, ce projet [&hellip;]<\/p>\n","protected":false},"author":1759,"featured_media":0,"comment_status":"closed","ping_status":"closed","sticky":false,"template":"","format":"standard","meta":{"fifu_image_url":"https:\/\/aujourdhui.ma\/wp-content\/uploads\/2022\/02\/Bientot-une-academie-de-la-mode-a-Casablanca-300x153.jpg","fifu_image_alt":"Bient\u00f4t une acad\u00e9mie de la mode \u00e0 Casablanca","footnotes":""},"categories":[73,54],"tags":[],"class_list":["post-141051","post","type-post","status-publish","format-standard","hentry","category-actualite","category-maroc"],"_links":{"self":[{"href":"https:\/\/linitiative.ca\/International\/wp-json\/wp\/v2\/posts\/141051","targetHints":{"allow":["GET"]}}],"collection":[{"href":"https:\/\/linitiative.ca\/International\/wp-json\/wp\/v2\/posts"}],"about":[{"href":"https:\/\/linitiative.ca\/International\/wp-json\/wp\/v2\/types\/post"}],"author":[{"embeddable":true,"href":"https:\/\/linitiative.ca\/International\/wp-json\/wp\/v2\/users\/1759"}],"replies":[{"embeddable":true,"href":"https:\/\/linitiative.ca\/International\/wp-json\/wp\/v2\/comments?post=141051"}],"version-history":[{"count":0,"href":"https:\/\/linitiative.ca\/International\/wp-json\/wp\/v2\/posts\/141051\/revisions"}],"wp:attachment":[{"href":"https:\/\/linitiative.ca\/International\/wp-json\/wp\/v2\/media?parent=141051"}],"wp:term":[{"taxonomy":"category","embeddable":true,"href":"https:\/\/linitiative.ca\/International\/wp-json\/wp\/v2\/categories?post=141051"},{"taxonomy":"post_tag","embeddable":true,"href":"https:\/\/linitiative.ca\/International\/wp-json\/wp\/v2\/tags?post=141051"}],"curies":[{"name":"wp","href":"https:\/\/api.w.org\/{rel}","templated":true}]}}