{"id":141060,"date":"2022-02-16T13:00:00","date_gmt":"2022-02-16T18:00:00","guid":{"rendered":"https:\/\/linitiative.ca\/International\/augmentation-des-prix-des-carburants\/"},"modified":"2022-02-16T13:00:00","modified_gmt":"2022-02-16T18:00:00","slug":"augmentation-des-prix-des-carburants","status":"publish","type":"post","link":"https:\/\/linitiative.ca\/International\/augmentation-des-prix-des-carburants\/","title":{"rendered":"Augmentation des prix des carburants :"},"content":{"rendered":"<div>\n<p class=\"has-text-align-center has-vivid-cyan-blue-color has-text-color\"><strong>Communiqu\u00e9 du bureau politique<\/strong><\/p>\n<p class=\"has-text-align-center has-vivid-red-color has-text-color\"><strong>Le PPS demande au gouvernement de prot\u00e9ger le pouvoir d\u2019achat des citoyens<\/strong><\/p>\n<p class=\"has-black-color has-text-color\"><strong>Au d\u00e9but de sa r\u00e9union du mardi 15 f\u00e9vrier 2022, le bureau politique a examin\u00e9 la question de la flamb\u00e9e des prix des carburants et de ses cons\u00e9quences sur la hausse vertigineuse sur les prix de la plupart des produits de consommation et des services, sur la d\u00e9t\u00e9rioration de la situation sociale d\u00e9j\u00e0 affect\u00e9e par les graves r\u00e9percussions de la pand\u00e9mie du Covid-19 et son impact n\u00e9gatif en particulier sur les capacit\u00e9s de l\u2019entreprise nationale, notamment des PME.<\/strong><\/p>\n<p class=\"has-black-color has-text-color\"><strong>Dans ce cadre, le Parti du Progr\u00e8s et du Socialisme souligne de nouveau la n\u00e9cessit\u00e9 pour le gouvernement d\u2019intervenir de mani\u00e8re urgente et effective, en utilisant tous les moyens possibles, dans le but de r\u00e9glementer les prix et de prot\u00e9ger le pouvoir d\u2019achat des citoyennes et des citoyens afin d\u2019\u00e9viter toute tension sociale \u00e9ventuelle.<\/strong><\/p>\n<p class=\"has-vivid-red-color has-text-color\"><strong>La question de l\u2019eau dans notre pays\u00a0: une priorit\u00e9 strat\u00e9gique qui requiert des d\u00e9cisions urgentes et des mesures structurelles<\/strong><\/p>\n<p class=\"has-black-color has-text-color\"><strong>Le bureau politique a consacr\u00e9 une grande partie de ses travaux \u00e0 l\u2019examen de la crise hydrique dans notre pays en rapport avec la s\u00e9cheresse que connait la saison actuelle avec ses diff\u00e9rents effets n\u00e9gatifs.<\/strong><\/p>\n<p class=\"has-black-color has-text-color\"><strong>Le bureau politique a examin\u00e9 les indicateurs de l\u2019ann\u00e9e hydrologique actuelle et pass\u00e9 en revue les donn\u00e9es relatives aux r\u00e9serves en eaux de surface et souterraines au niveau de l\u2019ensemble des bassins hydrauliques. Il a r\u00e9affirm\u00e9 que la situation hydrique dans notre pays est source d\u2019inqui\u00e9tude et\u00a0 n\u00e9cessite que le gouvernement prenne des d\u00e9cisions urgentes et efficientes et des mesures structurelles audacieuses \u00e0 moyen et long terme pour garantir la s\u00e9curit\u00e9 hydrique de notre pays.<\/strong><\/p>\n<p class=\"has-black-color has-text-color\"><strong>Dans ce cadre, le Parti du Progr\u00e8s et du Socialisme s\u2019interroge au sujet des projets et des programmes pr\u00e9vus dans le cadre du Programme national pour l\u2019approvisionnement en eau potable et l\u2019irrigation. Il demande \u00e9galement au gouvernement la mise en place d\u2019un plan global et pr\u00e9cis pour faire face \u00e0 la crise de l\u2019eau qui se profile \u00e0 l\u2019horizon.<\/strong><\/p>\n<p class=\"has-black-color has-text-color\"><strong>Dans ce contexte, le bureau politique a relev\u00e9 les graves r\u00e9percussions des changements climatiques sur les ressources en eau et soulign\u00e9 l\u2019augmentation continue des besoins en eau et les in\u00e9galit\u00e9s en mati\u00e8re d\u2019acc\u00e8s au droit \u00e0 l\u2019eau. Il a \u00e9galement relev\u00e9 que la s\u00e9curit\u00e9 hydrique repr\u00e9sente un facteur capital dans la croissance \u00e9conomique et la stabilit\u00e9 sociale et a mis en exergue les diff\u00e9rentes formes d\u2019exploitation irrationnelle du patrimoine hydrique national.<\/strong><\/p>\n<p class=\"has-black-color has-text-color\"><strong>Sur cette base, le Parti du Progr\u00e8s et du Socialisme consid\u00e8re que la question hydrique dans notre pays constitue un enjeu politique strat\u00e9gique, vital et prioritaire. Il requiert la mise en \u0153uvre et l\u2019appropriation d\u2019une culture nouvelle dans le traitement et la gestion du patrimoine hydrique, l\u2019adoption d\u2019une politique de proactivit\u00e9 et de planification globale et la rationalisation de l\u2019exploitation des ressources hydriques disponibles. Il requiert aussi la recherche de solutions innovantes parmi lesquelles le recours aux eaux non conventionnelles, \u00e0 travers le dessalement de l\u2019eau et la r\u00e9utilisation des eaux us\u00e9es apr\u00e8s leur traitement. Cet enjeu n\u00e9cessite \u00e9galement la r\u00e9\u00e9valuation du co\u00fbt v\u00e9ritable de l\u2019agriculture tourn\u00e9e vers l\u2019exportation sur la s\u00e9curit\u00e9 hydrique de notre pays et la reconsid\u00e9ration de l\u2019ad\u00e9quation des activit\u00e9s agricoles \u00e0 forte consommation en eau avec les capacit\u00e9s hydriques dont dispose notre pays. \u00a0\u00a0\u00a0\u00a0\u00a0\u00a0\u00a0\u00a0\u00a0\u00a0\u00a0<\/strong><\/p>\n<p class=\"has-black-color has-text-color\"><strong>Le bureau politique a convenu d\u2019organiser une conf\u00e9rence autour de la question hydrique dans les plus brefs d\u00e9lais et charg\u00e9 un groupe de ses membres de son organisation dans la perspective de l\u2019\u00e9laboration d\u2019un m\u00e9morandum sur le sujet.<\/strong><\/p>\n<p class=\"has-vivid-red-color has-text-color\"><strong>Le besoin pressant de soutenir les petits agriculteurs dans leur \u00e9preuve accentu\u00e9e<\/strong><strong>.<\/strong><\/p>\n<p class=\"has-black-color has-text-color\"><strong>Dans ce contexte, le bureau politique a examin\u00e9 de nouveau les diverses difficult\u00e9s auxquelles sont soumis le monde rural et le petit agriculteur et les graves dommages qu\u2019ils subissent tant du fait de la s\u00e9cheresse et des r\u00e9percussions de la pand\u00e9mie du Covid-19, que du fait de l\u2019augmentation vertigineuse des prix des aliments de b\u00e9tail et des autres intrants. Compte tenu de ce qui pr\u00e9c\u00e8de, le Parti du Progr\u00e8s et du Socialisme demande au gouvernement de prendre les mesures urgentes requises pour soutenir les petits agriculteurs afin d\u2019att\u00e9nuer leurs souffrances dans ces conditions difficiles.<\/strong><\/p>\n<p class=\"has-vivid-red-color has-text-color\"><strong>Le dialogue interne dans la perspective du onzi\u00e8me congr\u00e8s national \u00a0\u00a0<\/strong><\/p>\n<p class=\"has-black-color has-text-color\"><strong>\u00a0Au niveau du dialogue interne lanc\u00e9 dans les rangs du parti dans la perspective du onzi\u00e8me congr\u00e8s national, le bureau politique s\u2019est f\u00e9licit\u00e9 du succ\u00e8s de la conf\u00e9rence organis\u00e9e au niveau national autour des questions organisationnelles, juridiques et communicationnelles et de la rencontre initi\u00e9e au niveau de la section provinciale de Mekn\u00e8s. Il a de nouveau invit\u00e9 toutes les sections provinciales \u00e0 programmer et \u00e0 organiser des rencontres dans le m\u00eame cadre avec la participation de toutes les potentialit\u00e9s partisanes dans ce dialogue interne. Le bureau politique s\u2019est ensuite arr\u00eat\u00e9 sur l\u2019\u00e9tat d\u2019avancement des pr\u00e9paratifs en cours pour l\u2019organisation du congr\u00e8s national du Forum de la Parit\u00e9 et de l\u2019Egalit\u00e9. \u00a0<\/strong><\/p>\n<p>L\u2019article <a rel=\"nofollow\" href=\"http:\/\/albayane.press.ma\/augmentation-des-prix-des-carburants.html\">Augmentation des prix des carburants :<\/a> est apparu en premier sur <a rel=\"nofollow\" href=\"http:\/\/albayane.press.ma\/\">ALBAYANE<\/a>.<\/p>\n<\/div>\n<p>Auteur: M&rsquo;hammed rahal<br \/>\n<a href=\"http:\/\/albayane.press.ma\/augmentation-des-prix-des-carburants.html\">Cliquez ici pour lire l&rsquo;article depuis sa source.<\/a><\/p>\n","protected":false},"excerpt":{"rendered":"<p>Communiqu\u00e9 du bureau politique Le PPS demande au gouvernement de prot\u00e9ger le pouvoir d\u2019achat des citoyens Au d\u00e9but de sa r\u00e9union du mardi 15 f\u00e9vrier 2022, le bureau politique a examin\u00e9 la question de la flamb\u00e9e des prix des carburants et de ses cons\u00e9quences sur la hausse vertigineuse sur les prix de la plupart des [&hellip;]<\/p>\n","protected":false},"author":1760,"featured_media":0,"comment_status":"closed","ping_status":"closed","sticky":false,"template":"","format":"standard","meta":{"fifu_image_url":"","fifu_image_alt":"","footnotes":""},"categories":[73,54],"tags":[],"class_list":["post-141060","post","type-post","status-publish","format-standard","hentry","category-actualite","category-maroc"],"_links":{"self":[{"href":"https:\/\/linitiative.ca\/International\/wp-json\/wp\/v2\/posts\/141060","targetHints":{"allow":["GET"]}}],"collection":[{"href":"https:\/\/linitiative.ca\/International\/wp-json\/wp\/v2\/posts"}],"about":[{"href":"https:\/\/linitiative.ca\/International\/wp-json\/wp\/v2\/types\/post"}],"author":[{"embeddable":true,"href":"https:\/\/linitiative.ca\/International\/wp-json\/wp\/v2\/users\/1760"}],"replies":[{"embeddable":true,"href":"https:\/\/linitiative.ca\/International\/wp-json\/wp\/v2\/comments?post=141060"}],"version-history":[{"count":0,"href":"https:\/\/linitiative.ca\/International\/wp-json\/wp\/v2\/posts\/141060\/revisions"}],"wp:attachment":[{"href":"https:\/\/linitiative.ca\/International\/wp-json\/wp\/v2\/media?parent=141060"}],"wp:term":[{"taxonomy":"category","embeddable":true,"href":"https:\/\/linitiative.ca\/International\/wp-json\/wp\/v2\/categories?post=141060"},{"taxonomy":"post_tag","embeddable":true,"href":"https:\/\/linitiative.ca\/International\/wp-json\/wp\/v2\/tags?post=141060"}],"curies":[{"name":"wp","href":"https:\/\/api.w.org\/{rel}","templated":true}]}}