{"id":141061,"date":"2022-02-16T13:00:00","date_gmt":"2022-02-16T18:00:00","guid":{"rendered":"https:\/\/linitiative.ca\/International\/medicaments-ifc-sassocie-a-la-fmiip-pour-renforcer-la-competitivite-du-secteur\/"},"modified":"2022-02-16T13:00:00","modified_gmt":"2022-02-16T18:00:00","slug":"medicaments-ifc-sassocie-a-la-fmiip-pour-renforcer-la-competitivite-du-secteur","status":"publish","type":"post","link":"https:\/\/linitiative.ca\/International\/medicaments-ifc-sassocie-a-la-fmiip-pour-renforcer-la-competitivite-du-secteur\/","title":{"rendered":"M\u00e9dicaments: IFC s\u2019associe \u00e0 la FMIIP pour renforcer la comp\u00e9titivit\u00e9 du secteur"},"content":{"rendered":"<div>\n<p class=\"has-black-color has-text-color\"><strong>La Soci\u00e9t\u00e9 financi\u00e8re internationale (IFC) s\u2019est associ\u00e9e \u00e0 la F\u00e9d\u00e9ration Marocaine de l\u2019Industrie et de l\u2019Innovation Pharmaceutiques (FMIIP) en vue d\u2019am\u00e9liorer l\u2019efficacit\u00e9 et la productivit\u00e9 du secteur et contribuer \u00e0 att\u00e9nuer le changement climatique en r\u00e9duisant la consommation en eau et en \u00e9nergie.<\/strong><\/p>\n<p class=\"has-black-color has-text-color\">Dans le cadre de l\u2019accord sign\u00e9 aujourd\u2019hui, IFC aidera les membres de la FMIIP \u00e0 r\u00e9duire leur empreinte carbone et eau et \u00e0 am\u00e9liorer l\u2019efficacit\u00e9 de leurs processus de production, indique un communiqu\u00e9 conjoint des deux organismes. IFC partagera \u00e9galement ses connaissances sur les meilleures pratiques internationales, et organisera des activit\u00e9s de sensibilisation ainsi que des ateliers de formation et de renforcement des capacit\u00e9s afin de renforcer la productivit\u00e9 et d\u2019accro\u00eetre la comp\u00e9titivit\u00e9 du secteur.<\/p>\n<p class=\"has-black-color has-text-color\">\u00ab\u00a0Notre partenariat avec IFC aidera les fabricants de m\u00e9dicaments locaux \u00e0 renforcer leurs capacit\u00e9s de production et \u00e0 am\u00e9liorer leurs pratiques environnementales\u00a0\u00bb, a indiqu\u00e9, Mohamed El Bouhmadi, pr\u00e9sident de la FMIIP, cit\u00e9 dans le communiqu\u00e9.<\/p>\n<p class=\"has-black-color has-text-color\">Et d\u2019ajouter que ce partenariat contribuera aussi \u00e0 accro\u00eetre la production de m\u00e9dicaments, en particulier de m\u00e9dicaments g\u00e9n\u00e9riques, au Maroc et en Afrique du Nord. Le secteur pharmaceutique marocain intensifie actuellement ses efforts pour r\u00e9pondre \u00e0 la demande de m\u00e9dicaments dans le contexte post-pand\u00e9mique et aider le pays dans son ambition de mettre en place une couverture sant\u00e9 universelle d\u2019ici 2025, conform\u00e9ment aux recommandations du Nouveau mod\u00e8le de d\u00e9veloppement (NMD).<\/p>\n<p class=\"has-black-color has-text-color\">\u00ab\u00a0IFC renforce son partenariat avec les principaux acteurs pharmaceutiques de la r\u00e9gion afin de cr\u00e9er un environnement propice pour accro\u00eetre la production de m\u00e9dicaments en Afrique\u00a0\u00bb, a d\u00e9clar\u00e9, pour sa part, Manuel Reyes-Retana, directeur r\u00e9gional par int\u00e9rim d\u2019IFC pour l\u2019Afrique du Nord. \u00ab\u00a0Notre soutien aux op\u00e9rateurs de l\u2019industrie pharmaceutique au Maroc contribuera \u00e0 rendre le secteur plus productif et plus efficace en mati\u00e8re \u00e9nerg\u00e9tique, et il permettra aux producteurs d\u2019\u00eatre mieux positionn\u00e9s pour attirer les investissements\u00a0\u00bb, a-t-il fait savoir. Le partenariat avec la FMIIP s\u2019inscrit dans le cadre d\u2019un plus large projet d\u2019IFC dans le secteur pharmaceutique en Afrique du Nord, mis en \u0153uvre en \u00c9gypte, au Maroc et en Tunisie pour rendre l\u2019industrie pharmaceutique plus efficace dans l\u2019utilisation des ressources, fait savoir le communiqu\u00e9, notant que le projet est soutenu par le gouvernement des Pays-Bas.<\/p>\n<p>L\u2019article <a rel=\"nofollow\" href=\"http:\/\/albayane.press.ma\/medicaments-ifc-sassocie-a-la-fmiip-pour-renforcer-la-competitivite-du-secteur.html\">M\u00e9dicaments: IFC s\u2019associe \u00e0 la FMIIP pour renforcer la comp\u00e9titivit\u00e9 du secteur<\/a> est apparu en premier sur <a rel=\"nofollow\" href=\"http:\/\/albayane.press.ma\/\">ALBAYANE<\/a>.<\/p>\n<\/div>\n<p>Auteur: M&rsquo;hammed rahal<br \/>\n<a href=\"http:\/\/albayane.press.ma\/medicaments-ifc-sassocie-a-la-fmiip-pour-renforcer-la-competitivite-du-secteur.html\">Cliquez ici pour lire l&rsquo;article depuis sa source.<\/a><\/p>\n","protected":false},"excerpt":{"rendered":"<p>La Soci\u00e9t\u00e9 financi\u00e8re internationale (IFC) s\u2019est associ\u00e9e \u00e0 la F\u00e9d\u00e9ration Marocaine de l\u2019Industrie et de l\u2019Innovation Pharmaceutiques (FMIIP) en vue d\u2019am\u00e9liorer l\u2019efficacit\u00e9 et la productivit\u00e9 du secteur et contribuer \u00e0 att\u00e9nuer le changement climatique en r\u00e9duisant la consommation en eau et en \u00e9nergie. Dans le cadre de l\u2019accord sign\u00e9 aujourd\u2019hui, IFC aidera les membres de [&hellip;]<\/p>\n","protected":false},"author":1760,"featured_media":0,"comment_status":"closed","ping_status":"closed","sticky":false,"template":"","format":"standard","meta":{"fifu_image_url":"","fifu_image_alt":"","footnotes":""},"categories":[73,54],"tags":[],"class_list":["post-141061","post","type-post","status-publish","format-standard","hentry","category-actualite","category-maroc"],"_links":{"self":[{"href":"https:\/\/linitiative.ca\/International\/wp-json\/wp\/v2\/posts\/141061","targetHints":{"allow":["GET"]}}],"collection":[{"href":"https:\/\/linitiative.ca\/International\/wp-json\/wp\/v2\/posts"}],"about":[{"href":"https:\/\/linitiative.ca\/International\/wp-json\/wp\/v2\/types\/post"}],"author":[{"embeddable":true,"href":"https:\/\/linitiative.ca\/International\/wp-json\/wp\/v2\/users\/1760"}],"replies":[{"embeddable":true,"href":"https:\/\/linitiative.ca\/International\/wp-json\/wp\/v2\/comments?post=141061"}],"version-history":[{"count":0,"href":"https:\/\/linitiative.ca\/International\/wp-json\/wp\/v2\/posts\/141061\/revisions"}],"wp:attachment":[{"href":"https:\/\/linitiative.ca\/International\/wp-json\/wp\/v2\/media?parent=141061"}],"wp:term":[{"taxonomy":"category","embeddable":true,"href":"https:\/\/linitiative.ca\/International\/wp-json\/wp\/v2\/categories?post=141061"},{"taxonomy":"post_tag","embeddable":true,"href":"https:\/\/linitiative.ca\/International\/wp-json\/wp\/v2\/tags?post=141061"}],"curies":[{"name":"wp","href":"https:\/\/api.w.org\/{rel}","templated":true}]}}