{"id":141063,"date":"2022-02-16T13:00:00","date_gmt":"2022-02-16T18:00:00","guid":{"rendered":"https:\/\/linitiative.ca\/International\/paradoxes-oceaniques\/"},"modified":"2022-02-16T13:00:00","modified_gmt":"2022-02-16T18:00:00","slug":"paradoxes-oceaniques","status":"publish","type":"post","link":"https:\/\/linitiative.ca\/International\/paradoxes-oceaniques\/","title":{"rendered":"Paradoxes oc\u00e9aniques"},"content":{"rendered":"<div>\n<p class=\"has-black-color has-text-color\"><strong>En avant-premi\u00e8re d\u2019un sommet de l\u2019ONU sur les oc\u00e9ans qui se tiendra en juin prochain \u00e0 Lisbonne, apr\u00e8s la non efficience des Conf\u00e9rences des parties de la Convention-cadre des Nations unies sur les changements climatiques qui se r\u00e9unissent depuis 1995, au moment o\u00f9 les populations subissent les cons\u00e9quences dramatiques des changements climatiques, le \u00ab\u00a0One Ocean Summit\u00a0\u00bb s\u2019est tenu en France\u00a0; un autre sommet international pour la haute mer et les oc\u00e9ans.<\/strong><\/p>\n<p class=\"has-black-color has-text-color\">Un de plus dira-t-on\u00a0! Encore une r\u00e9union pour <em>\u00ab\u00a0lister des propositions\u00a0\u00bb dans le but de pr\u00e9server la salubrit\u00e9 des oc\u00e9ans au lieu et place de prendre les mesures qui s\u2019imposent pour arr\u00eater la d\u00e9t\u00e9rioration de l\u2019environnement marin et assurer sa protection. Et surtout de les appliquer.<\/em><\/p>\n<p class=\"has-black-color has-text-color\"><em>Une autre mani\u00e8re de faire vivre le multilat\u00e9ralisme avec l\u2019espoir de \u00ab concr\u00e9tiser<\/em> beaucoup d\u2019engagements, des coalitions nouvelles d\u2019acteurs priv\u00e9s et publics, d\u2019\u00c9tats\u00a0\u00bb comme le souligna le Pr\u00e9sident Macron, actuellement pr\u00e9sident de l\u2019Union Europ\u00e9enne et futur candidat (non encore d\u00e9clar\u00e9) aux pr\u00e9sidentielles fran\u00e7aises.<\/p>\n<p class=\"has-black-color has-text-color\">Depuis que l\u2019exigence de la durabilit\u00e9 du d\u00e9veloppement s\u2019est impos\u00e9e, les humains tergiversent \u00e0 trouver la gouvernance n\u00e9cessaire \u00e0 maintenir la plan\u00e8te qu\u2019ils habitent dans un \u00e9tat satisfaisant de salubrit\u00e9. Tout en ayant conscience qu\u2019ils sont en train de\u00a0couper la branche sur laquelle ils sont assis, les humains s\u2019adonnent \u00e0 l\u2019exc\u00e8s dans leurs relations avec leurs biotopes en surexploitant leurs ressources, en les polluant et en r\u00e9duisant leur biodiversit\u00e9.<\/p>\n<p class=\"has-black-color has-text-color\">Dans le cadre n\u00e9olib\u00e9ral qui pr\u00e9domine, au lieu d\u2019agir et de changer de modes de vie ravageurs, ils en parlent\u00a0; pour se donner bonne conscience et faire assumer le p\u00e9ch\u00e9 \u00e0 l\u2019ensemble, et plus particuli\u00e8rement \u00e0 celles et \u00e0 ceux qui n\u2019ont que leur force de travail pour vivre.<\/p>\n<p class=\"has-black-color has-text-color\">Ainsi depuis les ann\u00e9es soixante-dix du si\u00e8cle dernier, l\u2019alerte a \u00e9t\u00e9 donn\u00e9e\u00a0: la plan\u00e8te est de plus en plus d\u00e9vast\u00e9e, qu\u2019elle n\u2019arrive plus \u00e0 absorber ses d\u00e9chets. L\u2019oc\u00e9an, qui couvre 71% de la Terre, ne pouvant plus car au-del\u00e0 de sa limite d\u2019\u00e9puration, est devenu la poubelle du monde, plein de r\u00e9sidus de plastiques, d\u2019hydrocarbures et de tout ce que contiennent les eaux us\u00e9es comme pesticides, antibiotiques et autres produits chimiques divers. Cela provoque la mort et la disparition d\u2019un certain nombre d\u2019esp\u00e8ces vivantes, perturbe le bilan radiatif de l\u2019oc\u00e9an et donc intervient dans les changements climatiques.<\/p>\n<p class=\"has-black-color has-text-color\">Cela fait que l\u2019on a besoin, non seulement et d\u2019une mani\u00e8re urgente, d\u2019une \u00ab\u00a0D\u00e9cennie des <a href=\"https:\/\/www.oceandecade.org\/\">Nations Unies pour les sciences oc\u00e9aniques au service du d\u00e9veloppement durable<\/a>\u00a0\u00bb mais d\u2019une d\u00e9cennie pour nettoyer l\u2019espace marin et s\u00e9vir contre les pollueurs pour les emp\u00eacher de r\u00e9cidiver. Agir\u00a0! That is the question\u00a0?<\/p>\n<p class=\"has-black-color has-text-color\">Il faut reconna\u00eetre que notre beau pays, baign\u00e9 par deux fa\u00e7ades maritimes et commandant la rive Sud du D\u00e9troit de Gibraltar, s\u2019est dot\u00e9 d\u2019un arsenal juridique consacrant sa souverainet\u00e9 sur son espace marin. Qu\u2019un ensemble de lois a \u00e9t\u00e9 promulgu\u00e9 pour la durabilit\u00e9 du d\u00e9veloppement et la protection du littoral\u00a0; que plusieurs autres mesures ont \u00e9t\u00e9 \u00e9dict\u00e9es pour minimiser l\u2019impact sur l\u2019environnement marin \u2026 Tout cela,sans arriver pourtant \u00e0 \u00ab\u00a0circonscrire les risques d\u2019une d\u00e9gradation qui dans beaucoup de cas est irr\u00e9versible\u00a0\u00bb, car la loi est rarement respect\u00e9e. Le laissez-faire est impos\u00e9 \u00e0 la nature au profit de la rente.\u00a0<\/p>\n<p class=\"has-black-color has-text-color\">Certes, en marge du d\u00e9veloppement des infrastructures portuaires, des zones franches ont \u00e9t\u00e9 d\u00e9ploy\u00e9es.Le Maroc reste le premier Etat p\u00eacheur du continent africain\u00a0; mais il suffit d\u2019aller \u00e0 Skhirat, \u00e0 quelques kilom\u00e8tres de la capitale du royaume, pour se rendre compte des maux dont souffre la p\u00eache artisanale. Une jet\u00e9e \u00e9rod\u00e9e, des embarcations sans \u00e9quipements et qui laisse deviner la p\u00e9nibilit\u00e9 du m\u00e9tier, une halle aux poissons ferm\u00e9e, un march\u00e9 au poisson moyen\u00e2geux \u2026 L\u2019int\u00e9gration des arri\u00e8re-pays \u00e0 ces zones de d\u00e9veloppement n\u2019est pas toujours \u00e9vidente, ce qui pousse \u00e0 l\u2019exode et \u00e0 la p\u00e9rennisation de zones d\u00e9favoris\u00e9es, enclav\u00e9es et exclues des transformations que conna\u00eet le royaume.<\/p>\n<p class=\"has-black-color has-text-color\">Aussi\u00a0; si des accords de p\u00eache sont conclus, particuli\u00e8rement avec l\u2019Union Europ\u00e9enne, ils doivent prendre en consid\u00e9ration l\u2019\u00e9tat des stocks de la ressource halieutique au moins autant que l\u2019activit\u00e9 de la flotte communautaire\u00a0; car les ressources biologiques se trouvent diminu\u00e9es par la surp\u00eache qui s\u2019ajoute aux effets de la pollution tellurique.De m\u00eame, le probl\u00e8me des esp\u00e8ces marines invasives et envahissantes est \u00e0 prendre en consid\u00e9ration.<\/p>\n<p class=\"has-black-color has-text-color\">Avec des prix \u00e0 la consommation qui prennent de plus en plus de la hauteur, les Marocain(e)s, qui souhaitent manger plus de poisson, se rendent compte que la p\u00eache suit le m\u00eame chemin que l\u2019agriculture, orient\u00e9e vers l\u2019export.<\/p>\n<p class=\"has-black-color has-text-color\">Il reste que les opportunit\u00e9s d\u2019une \u00e9conomie bleue sont consign\u00e9es dans l\u2019ambition d\u2019une \u00e9mergence du pays, mais restent prisonni\u00e8res de la stagnation de l\u2019activit\u00e9 gouvernementale. Il est temps de mettre fin \u00ab\u00a0\u00e0 la dispersion descomp\u00e9tences et \u00e0 l\u2019absence d\u2019une r\u00e9elle coordination entre les multiples intervenantsdansle domaine maritime.\u00a0\u00bb. En d\u2019autres termes, un minist\u00e8re pour la Mer ferait bien l\u2019affaire.<\/p>\n<p class=\"has-black-color has-text-color\">Autant en mer que sur terre,la destruction et la pollution des biotopes et des \u00e9cosyst\u00e8mes, la surexploitation de la ressource, la dispersion des esp\u00e8ces et le changement climatique global, constituent des probl\u00e8mes dont la connaissance et la prise de conscience ne suffisent pas \u00e0 elles seules pour les solutionner. Il faut agir pour sortir de ces paradoxes oc\u00e9aniques.<\/p>\n<p>L\u2019article <a rel=\"nofollow\" href=\"http:\/\/albayane.press.ma\/paradoxes-oceaniques.html\">Paradoxes oc\u00e9aniques<\/a> est apparu en premier sur <a rel=\"nofollow\" href=\"http:\/\/albayane.press.ma\/\">ALBAYANE<\/a>.<\/p>\n<\/div>\n<p>Auteur: M&rsquo;hammed rahal<br \/>\n<a href=\"http:\/\/albayane.press.ma\/paradoxes-oceaniques.html\">Cliquez ici pour lire l&rsquo;article depuis sa source.<\/a><\/p>\n","protected":false},"excerpt":{"rendered":"<p>En avant-premi\u00e8re d\u2019un sommet de l\u2019ONU sur les oc\u00e9ans qui se tiendra en juin prochain \u00e0 Lisbonne, apr\u00e8s la non efficience des Conf\u00e9rences des parties de la Convention-cadre des Nations unies sur les changements climatiques qui se r\u00e9unissent depuis 1995, au moment o\u00f9 les populations subissent les cons\u00e9quences dramatiques des changements climatiques, le \u00ab\u00a0One Ocean [&hellip;]<\/p>\n","protected":false},"author":1760,"featured_media":0,"comment_status":"closed","ping_status":"closed","sticky":false,"template":"","format":"standard","meta":{"fifu_image_url":"","fifu_image_alt":"","footnotes":""},"categories":[73,54],"tags":[],"class_list":["post-141063","post","type-post","status-publish","format-standard","hentry","category-actualite","category-maroc"],"_links":{"self":[{"href":"https:\/\/linitiative.ca\/International\/wp-json\/wp\/v2\/posts\/141063","targetHints":{"allow":["GET"]}}],"collection":[{"href":"https:\/\/linitiative.ca\/International\/wp-json\/wp\/v2\/posts"}],"about":[{"href":"https:\/\/linitiative.ca\/International\/wp-json\/wp\/v2\/types\/post"}],"author":[{"embeddable":true,"href":"https:\/\/linitiative.ca\/International\/wp-json\/wp\/v2\/users\/1760"}],"replies":[{"embeddable":true,"href":"https:\/\/linitiative.ca\/International\/wp-json\/wp\/v2\/comments?post=141063"}],"version-history":[{"count":0,"href":"https:\/\/linitiative.ca\/International\/wp-json\/wp\/v2\/posts\/141063\/revisions"}],"wp:attachment":[{"href":"https:\/\/linitiative.ca\/International\/wp-json\/wp\/v2\/media?parent=141063"}],"wp:term":[{"taxonomy":"category","embeddable":true,"href":"https:\/\/linitiative.ca\/International\/wp-json\/wp\/v2\/categories?post=141063"},{"taxonomy":"post_tag","embeddable":true,"href":"https:\/\/linitiative.ca\/International\/wp-json\/wp\/v2\/tags?post=141063"}],"curies":[{"name":"wp","href":"https:\/\/api.w.org\/{rel}","templated":true}]}}