{"id":141064,"date":"2022-02-16T13:10:00","date_gmt":"2022-02-16T18:10:00","guid":{"rendered":"https:\/\/linitiative.ca\/International\/presentation-a-rabat-du-premier-rapport-de-la-commission-nationale\/"},"modified":"2022-02-16T13:10:00","modified_gmt":"2022-02-16T18:10:00","slug":"presentation-a-rabat-du-premier-rapport-de-la-commission-nationale","status":"publish","type":"post","link":"https:\/\/linitiative.ca\/International\/presentation-a-rabat-du-premier-rapport-de-la-commission-nationale\/","title":{"rendered":"Pr\u00e9sentation \u00e0 Rabat du premier rapport de la Commission nationale"},"content":{"rendered":"<div>\n<p class=\"has-text-align-center has-vivid-red-color has-text-color\"><strong>Lutte contre la traite des \u00eatres humains<\/strong><\/p>\n<p class=\"has-black-color has-text-color\"><strong>Le premier rapport annuel de la Commission nationale de lutte et de pr\u00e9vention contre la traite des \u00eatres humains a \u00e9t\u00e9 d\u00e9voil\u00e9, mardi \u00e0 Rabat, lors d\u2019une r\u00e9union marqu\u00e9e par la participation de repr\u00e9sentants d\u2019institutions onusiennes et europ\u00e9ennes.<\/strong><\/p>\n<p class=\"has-black-color has-text-color\">Le rapport, pr\u00e9sent\u00e9 par le directeur des Affaires p\u00e9nales et des gr\u00e2ces au minist\u00e8re de la Justice, Hicham Malati, met en lumi\u00e8re les efforts nationaux exerc\u00e9s dans le domaine de la lutte contre la traite des \u00eatres humains, le suivi de ce ph\u00e9nom\u00e8ne en chiffres ainsi que des donn\u00e9es sur la coop\u00e9ration internationale en la mati\u00e8re et les perspectives d\u2019avenir pour combattre et pr\u00e9venir ce ph\u00e9nom\u00e8ne.<\/p>\n<p class=\"has-black-color has-text-color\">Malati a relev\u00e9 que les efforts du Maroc dans ce domaine consistent notamment \u00e0 renforcer le cadre juridique en faisant des droits de l\u2019homme un choix strat\u00e9gique, conform\u00e9ment \u00e0 la Constitution du Royaume qui consacre la supr\u00e9matie des accords internationaux ratifi\u00e9s sur les l\u00e9gislations nationales.<br \/>Le Royaume a ratifi\u00e9 bon nombre de conventions internationales relatives aux droits de l\u2019homme en g\u00e9n\u00e9ral, et \u00e0 la lutte contre les crimes organis\u00e9 et de traite des \u00eatres humains en particulier, en plus de l\u2019adoption de la Loi 27-14 relative \u00e0 la lutte contre le fl\u00e9au, incluant ainsi dans le droit p\u00e9nal une d\u00e9finition pr\u00e9cise du ph\u00e9nom\u00e8ne et des textes p\u00e9nalisant toutes ses formes.<\/p>\n<p class=\"has-black-color has-text-color\">Selon le rapport, le Royaume s\u2019est engag\u00e9 \u00e0 travers la loi 27-14 \u00e0 mettre sa l\u00e9gislation nationale en conformit\u00e9 avec le Protocole additionnel \u00e0 la Convention des Nations unies contre la criminalit\u00e9 transnationale organis\u00e9e visant \u00e0 pr\u00e9venir, r\u00e9primer et punir la traite des personnes, en particulier des femmes et des enfants, et du Protocole additionnel \u00e0 la convention des Nations unies contre la criminalit\u00e9 transnationale organis\u00e9e que le Maroc a ratifi\u00e9 dans le respect de sa particularit\u00e9 nationale.<br \/>Ces efforts, ajoute le rapport, consistent \u00e9galement \u00e0 renforcer le cadre institutionnel pour combattre et pr\u00e9venir la traite des \u00eatres humains.<\/p>\n<p class=\"has-black-color has-text-color\">Le nombre de victimes de la traite des \u00eatres humains au Maroc a connu une augmentation significative au cours des trois derni\u00e8res ann\u00e9es avec un total de 719 victimes, en majorit\u00e9 des adultes, ajoutant que le pourcentage des victimes mineures, hommes ou femmes, demeure \u00e9lev\u00e9e avec 47,41%.<br \/>D\u2019apr\u00e8s le document, le nombre de victimes de sexe masculin a atteint 414, alors que les victimes de sexe f\u00e9minin sont de l\u2019ordre de 305, dont 192 mineurs et 213 adultes, r\u00e9partis entre 536 Marocains et 183 \u00e9trangers.<br \/>Et de souligner que l\u2019exploitation sexuelle est la forme la plus courante de la traite des \u00eatres humains, avec 283 cas, suivie de l\u2019exploitation dans la mendicit\u00e9 (56 cas) et le travail forc\u00e9 (35 cas), outre les autres formes de traite et de trafic des \u00eatres humains.<\/p>\n<p class=\"has-black-color has-text-color\">Au cours des trois derni\u00e8res ann\u00e9es, le nombre de personnes poursuivies dans des affaires de traite des \u00eatres humains a enregistr\u00e9 une augmentation notable, d\u00e9passant les 200% pour l\u2019ann\u00e9e 2018 et 96% pour l\u2019ann\u00e9e 2019.<br \/>Ainsi, le nombre de personnes poursuivies dans ces affaires a atteint un total de 585 accus\u00e9s, adultes et mineurs, dont 84 \u00e9trangers et 144 femmes, souligne le rapport, notant que cette hausse est due aux efforts d\u00e9ploy\u00e9s pour d\u00e9finir le crime et d\u00e9manteler les r\u00e9seaux actifs dans ce domaine.<br \/>De m\u00eame, le nombre de cas enregistr\u00e9s a connu une hausse notable en passant de 17 cas en 2017 \u00e0 80 cas l\u2019ann\u00e9e suivante, avant d\u2019atteindre 151 cas en 2019.<\/p>\n<p class=\"has-black-color has-text-color\">Dans une allocution de circonstance, le ministre de la Justice, Abdellatif Ouahbi, en sa qualit\u00e9 de pr\u00e9sident de la Commission nationale de lutte et de pr\u00e9vention contre la traite des \u00eatres humains, a indiqu\u00e9 que l\u2019ampleur de ce ph\u00e9nom\u00e8ne requiert la cons\u00e9cration de normes bien d\u00e9finies ainsi que de bonnes pratiques et exp\u00e9riences de lutte efficaces, d\u2019autant plus que l\u2019Etat est tenu en vertu du d\u00e9cret instituant la Commission d\u2019assurer une protection, des soins de sant\u00e9 et un soutien psychologique et social au profit des victimes de la traite des \u00eatres humains.<br \/>Le minist\u00e8re, dans le prolongement des travaux de la Commission nationale, s\u2019attelle \u00e0 l\u2019\u00e9laboration de textes juridiques qui accompagnent l\u2019\u00e9volution de la criminalit\u00e9 et leur compatibilit\u00e9 avec les conventions internationales ratifi\u00e9es par le Maroc, a-t-il soutenu.<\/p>\n<p class=\"has-black-color has-text-color\">Le diagnostic \u00e9labor\u00e9 par la Commission nationale a mis \u00e0 jour de nombreuses contraintes qui entravent la bonne application de la loi conform\u00e9ment \u00e0 la finalit\u00e9 du l\u00e9gislateur marocain, en plus des difficult\u00e9s constat\u00e9es au niveau de sa mise en \u0153uvre. Ainsi, il pr\u00e9sente un ensemble de recommandations qui ont \u00e9t\u00e9 propos\u00e9es par des acteurs actifs sur le terrain.<\/p>\n<p class=\"has-black-color has-text-color\">Le rapport rend compte du bilan d\u2019activit\u00e9s de deux ann\u00e9es de travail de la Commission Nationale apr\u00e8s l\u2019investiture de ses membres en juin 2019, et des efforts d\u00e9ploy\u00e9s par l\u2019ensemble des intervenants impliqu\u00e9s dans la lutte contre ce ph\u00e9nom\u00e8ne, tout en identifiant certaines approches qui sont encore perfectibles et doivent faire l\u2019objet de suggestions constructives appel\u00e9es \u00e0 \u00eatre mises en \u0153uvre par la Commission nationale.<\/p>\n<p>L\u2019article <a rel=\"nofollow\" href=\"http:\/\/albayane.press.ma\/presentation-a-rabat-du-premier-rapport-de-la-commission-nationale.html\">Pr\u00e9sentation \u00e0 Rabat du premier rapport de la Commission nationale<\/a> est apparu en premier sur <a rel=\"nofollow\" href=\"http:\/\/albayane.press.ma\/\">ALBAYANE<\/a>.<\/p>\n<\/div>\n<p>Auteur: M&rsquo;hammed rahal<br \/>\n<a href=\"http:\/\/albayane.press.ma\/presentation-a-rabat-du-premier-rapport-de-la-commission-nationale.html\">Cliquez ici pour lire l&rsquo;article depuis sa source.<\/a><\/p>\n","protected":false},"excerpt":{"rendered":"<p>Lutte contre la traite des \u00eatres humains Le premier rapport annuel de la Commission nationale de lutte et de pr\u00e9vention contre la traite des \u00eatres humains a \u00e9t\u00e9 d\u00e9voil\u00e9, mardi \u00e0 Rabat, lors d\u2019une r\u00e9union marqu\u00e9e par la participation de repr\u00e9sentants d\u2019institutions onusiennes et europ\u00e9ennes. Le rapport, pr\u00e9sent\u00e9 par le directeur des Affaires p\u00e9nales et [&hellip;]<\/p>\n","protected":false},"author":1760,"featured_media":0,"comment_status":"closed","ping_status":"closed","sticky":false,"template":"","format":"standard","meta":{"fifu_image_url":"","fifu_image_alt":"","footnotes":""},"categories":[73,54],"tags":[],"class_list":["post-141064","post","type-post","status-publish","format-standard","hentry","category-actualite","category-maroc"],"_links":{"self":[{"href":"https:\/\/linitiative.ca\/International\/wp-json\/wp\/v2\/posts\/141064","targetHints":{"allow":["GET"]}}],"collection":[{"href":"https:\/\/linitiative.ca\/International\/wp-json\/wp\/v2\/posts"}],"about":[{"href":"https:\/\/linitiative.ca\/International\/wp-json\/wp\/v2\/types\/post"}],"author":[{"embeddable":true,"href":"https:\/\/linitiative.ca\/International\/wp-json\/wp\/v2\/users\/1760"}],"replies":[{"embeddable":true,"href":"https:\/\/linitiative.ca\/International\/wp-json\/wp\/v2\/comments?post=141064"}],"version-history":[{"count":0,"href":"https:\/\/linitiative.ca\/International\/wp-json\/wp\/v2\/posts\/141064\/revisions"}],"wp:attachment":[{"href":"https:\/\/linitiative.ca\/International\/wp-json\/wp\/v2\/media?parent=141064"}],"wp:term":[{"taxonomy":"category","embeddable":true,"href":"https:\/\/linitiative.ca\/International\/wp-json\/wp\/v2\/categories?post=141064"},{"taxonomy":"post_tag","embeddable":true,"href":"https:\/\/linitiative.ca\/International\/wp-json\/wp\/v2\/tags?post=141064"}],"curies":[{"name":"wp","href":"https:\/\/api.w.org\/{rel}","templated":true}]}}