{"id":141067,"date":"2022-02-17T09:30:00","date_gmt":"2022-02-17T14:30:00","guid":{"rendered":"https:\/\/linitiative.ca\/International\/abderrahmane-raouya-nomme-ministre-des-finances-soraya-mouloudji-ministre-de-la-culture-et-des-arts\/"},"modified":"2022-02-17T09:30:00","modified_gmt":"2022-02-17T14:30:00","slug":"abderrahmane-raouya-nomme-ministre-des-finances-soraya-mouloudji-ministre-de-la-culture-et-des-arts","status":"publish","type":"post","link":"https:\/\/linitiative.ca\/International\/abderrahmane-raouya-nomme-ministre-des-finances-soraya-mouloudji-ministre-de-la-culture-et-des-arts\/","title":{"rendered":"Abderrahmane Raouya nomm\u00e9 ministre des Finances, Soraya Mouloudji, ministre de la Culture et des Arts"},"content":{"rendered":"<div>Le pr\u00e9sident de la R\u00e9publique, Abdelmadjid Tebboune, a nomm\u00e9, jeudi,  Abderrahmane Raouya, ministre des Finances et Soraya Mouloudji, ministre de la Culture et des Arts<\/div>\n<p>Auteur:<br \/>\n<a href=\"https:\/\/www.liberte-algerie.com\/actualite\/abderrahmane-raouya-nomme-ministre-des-finances-soraya-mouloudji-ministre-de-la-culture-et-des-arts-373517\">Cliquez ici pour lire l&rsquo;article depuis sa source.<\/a><\/p>\n","protected":false},"excerpt":{"rendered":"<p>Le pr\u00e9sident de la R\u00e9publique, Abdelmadjid Tebboune, a nomm\u00e9, jeudi, Abderrahmane Raouya, ministre des Finances et Soraya Mouloudji, ministre de la Culture et des Arts Auteur: Cliquez ici pour lire l&rsquo;article depuis sa source.<\/p>\n","protected":false},"author":1742,"featured_media":0,"comment_status":"closed","ping_status":"closed","sticky":false,"template":"","format":"standard","meta":{"fifu_image_url":"","fifu_image_alt":"","footnotes":""},"categories":[73,53],"tags":[],"class_list":["post-141067","post","type-post","status-publish","format-standard","hentry","category-actualite","category-algerie"],"_links":{"self":[{"href":"https:\/\/linitiative.ca\/International\/wp-json\/wp\/v2\/posts\/141067","targetHints":{"allow":["GET"]}}],"collection":[{"href":"https:\/\/linitiative.ca\/International\/wp-json\/wp\/v2\/posts"}],"about":[{"href":"https:\/\/linitiative.ca\/International\/wp-json\/wp\/v2\/types\/post"}],"author":[{"embeddable":true,"href":"https:\/\/linitiative.ca\/International\/wp-json\/wp\/v2\/users\/1742"}],"replies":[{"embeddable":true,"href":"https:\/\/linitiative.ca\/International\/wp-json\/wp\/v2\/comments?post=141067"}],"version-history":[{"count":0,"href":"https:\/\/linitiative.ca\/International\/wp-json\/wp\/v2\/posts\/141067\/revisions"}],"wp:attachment":[{"href":"https:\/\/linitiative.ca\/International\/wp-json\/wp\/v2\/media?parent=141067"}],"wp:term":[{"taxonomy":"category","embeddable":true,"href":"https:\/\/linitiative.ca\/International\/wp-json\/wp\/v2\/categories?post=141067"},{"taxonomy":"post_tag","embeddable":true,"href":"https:\/\/linitiative.ca\/International\/wp-json\/wp\/v2\/tags?post=141067"}],"curies":[{"name":"wp","href":"https:\/\/api.w.org\/{rel}","templated":true}]}}