{"id":141070,"date":"2022-02-17T07:59:17","date_gmt":"2022-02-17T12:59:17","guid":{"rendered":"https:\/\/linitiative.ca\/International\/la-6eme-edition-du-festival-de-cinema-de-saidia-du-24-au-26-fevrier\/"},"modified":"2022-02-17T07:59:17","modified_gmt":"2022-02-17T12:59:17","slug":"la-6eme-edition-du-festival-de-cinema-de-saidia-du-24-au-26-fevrier","status":"publish","type":"post","link":"https:\/\/linitiative.ca\/International\/la-6eme-edition-du-festival-de-cinema-de-saidia-du-24-au-26-fevrier\/","title":{"rendered":"La 6\u00e8me \u00e9dition du Festival de cin\u00e9ma de Saidia, du 24 au 26 f\u00e9vrier"},"content":{"rendered":"<div>\n<div style=\"margin-bottom:20px;\"><img loading=\"lazy\" decoding=\"async\" width=\"750\" height=\"430\" src=\"https:\/\/linitiative.ca\/International\/wp-content\/uploads\/sites\/23\/2022\/02\/affiche-saidia-festival-cinC3A9ma-750C397430-DR.jpg\" class=\"attachment-post-thumbnail size-post-thumbnail wp-post-image\" alt=\"\" srcset=\"https:\/\/linitiative.ca\/International\/wp-content\/uploads\/sites\/23\/2022\/02\/affiche-saidia-festival-cinC3A9ma-750C397430-DR.jpg 750w, https:\/\/www.mapoujda.ma\/map\/uploads\/2022\/02\/affiche-saidia-festival-cin\u00e9ma-750\u00d7430-DR-300x172.jpg 300w\" sizes=\"auto, (max-width: 750px) 100vw, 750px\"><\/div>\n<div>\n<p style=\"text-align: justify;\">L\u2019Association Al Amal pour la cohabitation et le d\u00e9veloppement organise, du 24 au 26 f\u00e9vrier courant, la 6\u00e8me \u00e9dition du Festival de cin\u00e9ma de Saidia \u00abCin\u00e9ma sans fronti\u00e8res\u00bb.<\/p>\n<p style=\"text-align: justify;\">Selon un communiqu\u00e9 de l\u2019association, cette \u00e9dition, report\u00e9e \u00e0 deux reprises en raison des circonstances li\u00e9es \u00e0 la pand\u00e9mie de la Covid-19, se tiendra avec le soutien du minist\u00e8re de la Jeunesse, de la culture et de la communication, du Centre cin\u00e9matographique marocain, de la pr\u00e9fecture de la province de Berkane et des autorit\u00e9s locales et de la commune de Saidia.<\/p>\n<p style=\"text-align: justify;\">Il s\u2019agit de contribuer \u00e0 l\u2019animation de la \u00abPerle Bleue\u00bb et faire conna\u00eetre la production cin\u00e9matographique nationale et internationale, a ajout\u00e9 le communiqu\u00e9, pr\u00e9cisant que cette \u00e9dition connait la participation de 14 films (7 longs m\u00e9trages et 7 courts m\u00e9trages) repr\u00e9sentant le Maroc, la Tunisie, l\u2019Egypte, l\u2019Alg\u00e9rie, la Palestine, la France, l\u2019Espagne, la Mac\u00e9doine du Nord et les Etats-Unis d\u2019Am\u00e9rique.<\/p>\n<p style=\"text-align: justify;\">Les films participants seront en lice pour les prix de la meilleure r\u00e9alisation, du meilleur sc\u00e9nario, du meilleur acteur et actrice et du jury en plus du Grand Prix \u00abLa Perle Bleue\u00bb du long m\u00e9trage, et du \u00abPrix de l\u2019Orange\u00bb du court m\u00e9trage.<\/p>\n<p style=\"text-align: justify;\">Le programme de ce festival comporte des conf\u00e9rences, rencontres et ateliers autour de questions culturelles et sociales, dont l\u2019industrie cin\u00e9matographique dans la r\u00e9gion de l\u2019Oriental, l\u2019\u00e9criture dans le cin\u00e9ma marocain et international et le langage cin\u00e9matographique.<\/p>\n<p style=\"text-align: justify;\">Ces rencontres conna\u00eetront la participation d\u2019experts et sp\u00e9cialistes dans le domaine cin\u00e9matographique, et seront marqu\u00e9es par la signature d\u2019ouvrages sur le cin\u00e9ma.<\/p>\n<\/div>\n<p>L\u2019article <a rel=\"nofollow\" href=\"https:\/\/www.mapoujda.ma\/fr\/la-6eme-edition-du-festival-de-cinema-de-saidia-du-24-au-26-fevrier\/\">La 6\u00e8me \u00e9dition du Festival de cin\u00e9ma de Saidia, du 24 au 26 f\u00e9vrier<\/a> est apparu en premier sur <a rel=\"nofollow\" href=\"https:\/\/www.mapoujda.ma\/fr\">MapOujda<\/a>.<\/p>\n<\/div>\n<p>Auteur: Soufiane ELAHMAR<br \/>\n<a href=\"https:\/\/www.mapoujda.ma\/fr\/la-6eme-edition-du-festival-de-cinema-de-saidia-du-24-au-26-fevrier\/\">Cliquez ici pour lire l&rsquo;article depuis sa source.<\/a><\/p>\n","protected":false},"excerpt":{"rendered":"<p>L\u2019Association Al Amal pour la cohabitation et le d\u00e9veloppement organise, du 24 au 26 f\u00e9vrier courant, la 6\u00e8me \u00e9dition du Festival de cin\u00e9ma de Saidia \u00abCin\u00e9ma sans fronti\u00e8res\u00bb. Selon un communiqu\u00e9 de l\u2019association, cette \u00e9dition, report\u00e9e \u00e0 deux reprises en raison des circonstances li\u00e9es \u00e0 la pand\u00e9mie de la Covid-19, se tiendra avec le soutien [&hellip;]<\/p>\n","protected":false},"author":1788,"featured_media":0,"comment_status":"closed","ping_status":"closed","sticky":false,"template":"","format":"standard","meta":{"fifu_image_url":"https:\/\/www.mapoujda.ma\/map\/uploads\/2022\/02\/affiche-saidia-festival-cin\u00e9ma-750\u00d7430-DR.jpg","fifu_image_alt":"La 6\u00e8me \u00e9dition du Festival de cin\u00e9ma de Saidia, du 24 au 26 f\u00e9vrier","footnotes":""},"categories":[54,76],"tags":[],"class_list":["post-141070","post","type-post","status-publish","format-standard","hentry","category-maroc","category-regions"],"_links":{"self":[{"href":"https:\/\/linitiative.ca\/International\/wp-json\/wp\/v2\/posts\/141070","targetHints":{"allow":["GET"]}}],"collection":[{"href":"https:\/\/linitiative.ca\/International\/wp-json\/wp\/v2\/posts"}],"about":[{"href":"https:\/\/linitiative.ca\/International\/wp-json\/wp\/v2\/types\/post"}],"author":[{"embeddable":true,"href":"https:\/\/linitiative.ca\/International\/wp-json\/wp\/v2\/users\/1788"}],"replies":[{"embeddable":true,"href":"https:\/\/linitiative.ca\/International\/wp-json\/wp\/v2\/comments?post=141070"}],"version-history":[{"count":0,"href":"https:\/\/linitiative.ca\/International\/wp-json\/wp\/v2\/posts\/141070\/revisions"}],"wp:attachment":[{"href":"https:\/\/linitiative.ca\/International\/wp-json\/wp\/v2\/media?parent=141070"}],"wp:term":[{"taxonomy":"category","embeddable":true,"href":"https:\/\/linitiative.ca\/International\/wp-json\/wp\/v2\/categories?post=141070"},{"taxonomy":"post_tag","embeddable":true,"href":"https:\/\/linitiative.ca\/International\/wp-json\/wp\/v2\/tags?post=141070"}],"curies":[{"name":"wp","href":"https:\/\/api.w.org\/{rel}","templated":true}]}}