{"id":141077,"date":"2022-02-17T08:49:46","date_gmt":"2022-02-17T13:49:46","guid":{"rendered":"https:\/\/linitiative.ca\/International\/fez-smart-factory-les-partenaires-assurent-le-suivi-des-travaux\/"},"modified":"2022-02-17T08:49:46","modified_gmt":"2022-02-17T13:49:46","slug":"fez-smart-factory-les-partenaires-assurent-le-suivi-des-travaux","status":"publish","type":"post","link":"https:\/\/linitiative.ca\/International\/fez-smart-factory-les-partenaires-assurent-le-suivi-des-travaux\/","title":{"rendered":"\u00ab\u00a0Fez Smart Factory\u00a0\u00bb: Les partenaires assurent le suivi des travaux"},"content":{"rendered":"<div>\n<div class=\"field field-name-body field-type-text-with-summary field-label-hidden\">\n<div class=\"field-items\">\n<div class=\"field-item even\" property=\"content:encoded\">\n<p class=\"rtejustify\">C&rsquo;est parti. Le projet \u00ab\u00a0Fez Smart Factory\u00a0\u00bb (FSF) a \u00e9t\u00e9 lanc\u00e9 ce jeudi 17 f\u00e9vrier 2022.<\/p>\n<\/div>\n<\/div>\n<\/div>\n<\/div>\n<p>Auteur: hgueye<br \/>\n<a href=\"https:\/\/www.leconomiste.com\/flash-infos\/fez-smart-factory-les-travaux-lances\">Cliquez ici pour lire l&rsquo;article depuis sa source.<\/a><\/p>\n","protected":false},"excerpt":{"rendered":"<p>C&rsquo;est parti. Le projet \u00ab\u00a0Fez Smart Factory\u00a0\u00bb (FSF) a \u00e9t\u00e9 lanc\u00e9 ce jeudi 17 f\u00e9vrier 2022. Auteur: hgueye Cliquez ici pour lire l&rsquo;article depuis sa source.<\/p>\n","protected":false},"author":1763,"featured_media":0,"comment_status":"closed","ping_status":"closed","sticky":false,"template":"","format":"standard","meta":{"fifu_image_url":"","fifu_image_alt":"","footnotes":""},"categories":[78,54],"tags":[],"class_list":["post-141077","post","type-post","status-publish","format-standard","hentry","category-economie","category-maroc"],"_links":{"self":[{"href":"https:\/\/linitiative.ca\/International\/wp-json\/wp\/v2\/posts\/141077","targetHints":{"allow":["GET"]}}],"collection":[{"href":"https:\/\/linitiative.ca\/International\/wp-json\/wp\/v2\/posts"}],"about":[{"href":"https:\/\/linitiative.ca\/International\/wp-json\/wp\/v2\/types\/post"}],"author":[{"embeddable":true,"href":"https:\/\/linitiative.ca\/International\/wp-json\/wp\/v2\/users\/1763"}],"replies":[{"embeddable":true,"href":"https:\/\/linitiative.ca\/International\/wp-json\/wp\/v2\/comments?post=141077"}],"version-history":[{"count":0,"href":"https:\/\/linitiative.ca\/International\/wp-json\/wp\/v2\/posts\/141077\/revisions"}],"wp:attachment":[{"href":"https:\/\/linitiative.ca\/International\/wp-json\/wp\/v2\/media?parent=141077"}],"wp:term":[{"taxonomy":"category","embeddable":true,"href":"https:\/\/linitiative.ca\/International\/wp-json\/wp\/v2\/categories?post=141077"},{"taxonomy":"post_tag","embeddable":true,"href":"https:\/\/linitiative.ca\/International\/wp-json\/wp\/v2\/tags?post=141077"}],"curies":[{"name":"wp","href":"https:\/\/api.w.org\/{rel}","templated":true}]}}