{"id":141078,"date":"2022-02-17T10:06:56","date_gmt":"2022-02-17T15:06:56","guid":{"rendered":"https:\/\/linitiative.ca\/International\/gouvernance-et-developpement-local-lexperience-africaine-et-moyen-orientale-en-debat-a-ifrane\/"},"modified":"2022-02-17T10:06:56","modified_gmt":"2022-02-17T15:06:56","slug":"gouvernance-et-developpement-local-lexperience-africaine-et-moyen-orientale-en-debat-a-ifrane","status":"publish","type":"post","link":"https:\/\/linitiative.ca\/International\/gouvernance-et-developpement-local-lexperience-africaine-et-moyen-orientale-en-debat-a-ifrane\/","title":{"rendered":"Gouvernance et d\u00e9veloppement local: l\u2019exp\u00e9rience africaine et moyen-orientale en d\u00e9bat \u00e0 Ifrane"},"content":{"rendered":"<div>\n<div class=\"field field-name-body field-type-text-with-summary field-label-hidden\">\n<div class=\"field-items\">\n<div class=\"field-item even\" property=\"content:encoded\">\n<p class=\"rtejustify\">Franc succ\u00e8s pour le colloque international sur la gouvernance et le d\u00e9veloppement local qui vient de cl\u00f4turer ses travaux \u00e0 l&rsquo;universit\u00e9 Al Akhawayn, \u00e0 Ifrane (AUI).<\/p>\n<\/div>\n<\/div>\n<\/div>\n<\/div>\n<p>Auteur: mbasraoui<br \/>\n<a href=\"https:\/\/www.leconomiste.com\/flash-infos\/gouvernance-et-developpement-local-l-experience-africaine-et-moyen-orientale-en-debat\">Cliquez ici pour lire l&rsquo;article depuis sa source.<\/a><\/p>\n","protected":false},"excerpt":{"rendered":"<p>Franc succ\u00e8s pour le colloque international sur la gouvernance et le d\u00e9veloppement local qui vient de cl\u00f4turer ses travaux \u00e0 l&rsquo;universit\u00e9 Al Akhawayn, \u00e0 Ifrane (AUI). Auteur: mbasraoui Cliquez ici pour lire l&rsquo;article depuis sa source.<\/p>\n","protected":false},"author":1763,"featured_media":0,"comment_status":"closed","ping_status":"closed","sticky":false,"template":"","format":"standard","meta":{"fifu_image_url":"","fifu_image_alt":"","footnotes":""},"categories":[78,54],"tags":[],"class_list":["post-141078","post","type-post","status-publish","format-standard","hentry","category-economie","category-maroc"],"_links":{"self":[{"href":"https:\/\/linitiative.ca\/International\/wp-json\/wp\/v2\/posts\/141078","targetHints":{"allow":["GET"]}}],"collection":[{"href":"https:\/\/linitiative.ca\/International\/wp-json\/wp\/v2\/posts"}],"about":[{"href":"https:\/\/linitiative.ca\/International\/wp-json\/wp\/v2\/types\/post"}],"author":[{"embeddable":true,"href":"https:\/\/linitiative.ca\/International\/wp-json\/wp\/v2\/users\/1763"}],"replies":[{"embeddable":true,"href":"https:\/\/linitiative.ca\/International\/wp-json\/wp\/v2\/comments?post=141078"}],"version-history":[{"count":0,"href":"https:\/\/linitiative.ca\/International\/wp-json\/wp\/v2\/posts\/141078\/revisions"}],"wp:attachment":[{"href":"https:\/\/linitiative.ca\/International\/wp-json\/wp\/v2\/media?parent=141078"}],"wp:term":[{"taxonomy":"category","embeddable":true,"href":"https:\/\/linitiative.ca\/International\/wp-json\/wp\/v2\/categories?post=141078"},{"taxonomy":"post_tag","embeddable":true,"href":"https:\/\/linitiative.ca\/International\/wp-json\/wp\/v2\/tags?post=141078"}],"curies":[{"name":"wp","href":"https:\/\/api.w.org\/{rel}","templated":true}]}}