{"id":141082,"date":"2022-02-17T03:22:00","date_gmt":"2022-02-17T08:22:00","guid":{"rendered":"https:\/\/linitiative.ca\/International\/naples-spalletti-tente-par-loption-ghoulam-face-au-barca-pour-une-raison-bien-particuliere\/"},"modified":"2022-02-17T03:22:00","modified_gmt":"2022-02-17T08:22:00","slug":"naples-spalletti-tente-par-loption-ghoulam-face-au-barca-pour-une-raison-bien-particuliere","status":"publish","type":"post","link":"https:\/\/linitiative.ca\/International\/naples-spalletti-tente-par-loption-ghoulam-face-au-barca-pour-une-raison-bien-particuliere\/","title":{"rendered":"Naples : Spalletti tent\u00e9 par l&rsquo;option Ghoulam face au Bar\u00e7a pour une raison bien particuli\u00e8re"},"content":{"rendered":"<div>La titularisation de l&rsquo;international alg\u00e9rien pourrait \u00eatre la surprise de ce choc entre Naples et le Bar\u00e7a<\/div>\n<p>Auteur:<br \/>\n<a href=\"https:\/\/www.lebuteur.com\/article\/detail?titre=naples-spalletti-tente-par-loption-ghoulam-face-au-barca-pour-une-raison-bien-particuliere&#038;id=102316\">Cliquez ici pour lire l&rsquo;article depuis sa source.<\/a><\/p>\n","protected":false},"excerpt":{"rendered":"<p>La titularisation de l&rsquo;international alg\u00e9rien pourrait \u00eatre la surprise de ce choc entre Naples et le Bar\u00e7a Auteur: Cliquez ici pour lire l&rsquo;article depuis sa source.<\/p>\n","protected":false},"author":1738,"featured_media":0,"comment_status":"closed","ping_status":"closed","sticky":false,"template":"","format":"standard","meta":{"fifu_image_url":"","fifu_image_alt":"","footnotes":""},"categories":[53,75],"tags":[],"class_list":["post-141082","post","type-post","status-publish","format-standard","hentry","category-algerie","category-sport"],"_links":{"self":[{"href":"https:\/\/linitiative.ca\/International\/wp-json\/wp\/v2\/posts\/141082","targetHints":{"allow":["GET"]}}],"collection":[{"href":"https:\/\/linitiative.ca\/International\/wp-json\/wp\/v2\/posts"}],"about":[{"href":"https:\/\/linitiative.ca\/International\/wp-json\/wp\/v2\/types\/post"}],"author":[{"embeddable":true,"href":"https:\/\/linitiative.ca\/International\/wp-json\/wp\/v2\/users\/1738"}],"replies":[{"embeddable":true,"href":"https:\/\/linitiative.ca\/International\/wp-json\/wp\/v2\/comments?post=141082"}],"version-history":[{"count":0,"href":"https:\/\/linitiative.ca\/International\/wp-json\/wp\/v2\/posts\/141082\/revisions"}],"wp:attachment":[{"href":"https:\/\/linitiative.ca\/International\/wp-json\/wp\/v2\/media?parent=141082"}],"wp:term":[{"taxonomy":"category","embeddable":true,"href":"https:\/\/linitiative.ca\/International\/wp-json\/wp\/v2\/categories?post=141082"},{"taxonomy":"post_tag","embeddable":true,"href":"https:\/\/linitiative.ca\/International\/wp-json\/wp\/v2\/tags?post=141082"}],"curies":[{"name":"wp","href":"https:\/\/api.w.org\/{rel}","templated":true}]}}