{"id":141084,"date":"2022-02-17T05:47:00","date_gmt":"2022-02-17T10:47:00","guid":{"rendered":"https:\/\/linitiative.ca\/International\/real-ancelotti-aurait-contrarie-ses-dirigeants\/"},"modified":"2022-02-17T05:47:00","modified_gmt":"2022-02-17T10:47:00","slug":"real-ancelotti-aurait-contrarie-ses-dirigeants","status":"publish","type":"post","link":"https:\/\/linitiative.ca\/International\/real-ancelotti-aurait-contrarie-ses-dirigeants\/","title":{"rendered":"Real : Ancelotti aurait contrari\u00e9 ses dirigeants"},"content":{"rendered":"<div>Au terme d&rsquo;une performance tr\u00e8s d\u00e9cevante, le Real Madrid a \u00e9t\u00e9 logiquement battu sur la pelouse du PSG (0-1) mardi lors du 8e de finale aller de la Ligue des Champions<\/div>\n<p>Auteur:<br \/>\n<a href=\"https:\/\/www.lebuteur.com\/article\/detail?titre=real-ancelotti-aurait-contrarie-ses-dirigeants&#038;id=102318\">Cliquez ici pour lire l&rsquo;article depuis sa source.<\/a><\/p>\n","protected":false},"excerpt":{"rendered":"<p>Au terme d&rsquo;une performance tr\u00e8s d\u00e9cevante, le Real Madrid a \u00e9t\u00e9 logiquement battu sur la pelouse du PSG (0-1) mardi lors du 8e de finale aller de la Ligue des Champions Auteur: Cliquez ici pour lire l&rsquo;article depuis sa source.<\/p>\n","protected":false},"author":1738,"featured_media":0,"comment_status":"closed","ping_status":"closed","sticky":false,"template":"","format":"standard","meta":{"fifu_image_url":"","fifu_image_alt":"","footnotes":""},"categories":[53,75],"tags":[],"class_list":["post-141084","post","type-post","status-publish","format-standard","hentry","category-algerie","category-sport"],"_links":{"self":[{"href":"https:\/\/linitiative.ca\/International\/wp-json\/wp\/v2\/posts\/141084","targetHints":{"allow":["GET"]}}],"collection":[{"href":"https:\/\/linitiative.ca\/International\/wp-json\/wp\/v2\/posts"}],"about":[{"href":"https:\/\/linitiative.ca\/International\/wp-json\/wp\/v2\/types\/post"}],"author":[{"embeddable":true,"href":"https:\/\/linitiative.ca\/International\/wp-json\/wp\/v2\/users\/1738"}],"replies":[{"embeddable":true,"href":"https:\/\/linitiative.ca\/International\/wp-json\/wp\/v2\/comments?post=141084"}],"version-history":[{"count":0,"href":"https:\/\/linitiative.ca\/International\/wp-json\/wp\/v2\/posts\/141084\/revisions"}],"wp:attachment":[{"href":"https:\/\/linitiative.ca\/International\/wp-json\/wp\/v2\/media?parent=141084"}],"wp:term":[{"taxonomy":"category","embeddable":true,"href":"https:\/\/linitiative.ca\/International\/wp-json\/wp\/v2\/categories?post=141084"},{"taxonomy":"post_tag","embeddable":true,"href":"https:\/\/linitiative.ca\/International\/wp-json\/wp\/v2\/tags?post=141084"}],"curies":[{"name":"wp","href":"https:\/\/api.w.org\/{rel}","templated":true}]}}