{"id":141086,"date":"2022-02-16T12:30:00","date_gmt":"2022-02-16T17:30:00","guid":{"rendered":"https:\/\/linitiative.ca\/International\/topnet-et-graines-dentrepreneurs-signent-un-partenariat-strategique\/"},"modified":"2022-02-16T12:30:00","modified_gmt":"2022-02-16T17:30:00","slug":"topnet-et-graines-dentrepreneurs-signent-un-partenariat-strategique","status":"publish","type":"post","link":"https:\/\/linitiative.ca\/International\/topnet-et-graines-dentrepreneurs-signent-un-partenariat-strategique\/","title":{"rendered":"TOPNET et Graines d\u2019entrepreneurs signent un partenariat strat\u00e9gique"},"content":{"rendered":"<div><img decoding=\"async\" src=\"https:\/\/linitiative.ca\/International\/wp-content\/uploads\/sites\/23\/2022\/02\/1645106312_article.jpg\" alt=\"TOPNET et Graines d\u2019entrepreneurs signent un partenariat strat\u00e9gique\" align=\"left\">TOPNET, le leader des fournisseurs de services internet en Tunisie, vient d\u2019annoncer la signature d\u2019un partenariat strat\u00e9gique avec l\u2019association Graines d\u2019Entrepreneurs, l\u2019organisme qui initie les leaders de demain \u00e0 l\u2019esprit entrepreneurial. La c\u00e9r\u00e9monie de signature s\u2019est tenue le Mardi 15 F\u00e9vrier 2022 au si\u00e8ge de TOPNET, en pr\u00e9sence de la Directrice G\u00e9n\u00e9rale de TOPNET, Madame Rym Ben Dhief Akremi, et de Madame Sana Ksouri, directrice ex\u00e9cutive de Graines d\u2019entrepreneurs.<br \/>\nCe partenariat strat\u00e9gique est destin\u00e9 \u00e0 soutenir les efforts de cet organisme afin d\u2019appuyer les diff\u00e9rentes activit\u00e9s et \u00e9v\u00e8nements des jeunes enfants de 8 \u00e0 16 ans porteurs de &#8230;<\/p>\n<\/div>\n<p>Auteur:<br \/>\n<a href=\"https:\/\/www.leaders.com.tn\/article\/32977-topnet-et-graines-d-entrepreneurs-signent-un-partenariat-strategique\">Cliquez ici pour lire l&rsquo;article depuis sa source.<\/a><\/p>\n","protected":false},"excerpt":{"rendered":"<p>TOPNET, le leader des fournisseurs de services internet en Tunisie, vient d\u2019annoncer la signature d\u2019un partenariat strat\u00e9gique avec l\u2019association Graines d\u2019Entrepreneurs, l\u2019organisme qui initie les leaders de demain \u00e0 l\u2019esprit entrepreneurial. La c\u00e9r\u00e9monie de signature s\u2019est tenue le Mardi 15 F\u00e9vrier 2022 au si\u00e8ge de TOPNET, en pr\u00e9sence de la Directrice G\u00e9n\u00e9rale de TOPNET, Madame [&hellip;]<\/p>\n","protected":false},"author":1772,"featured_media":0,"comment_status":"closed","ping_status":"closed","sticky":false,"template":"","format":"standard","meta":{"fifu_image_url":"http:\/\/www.leaders.com.tn\/uploads\/content\/thumbnails_small\/1645106312_article.jpg","fifu_image_alt":"TOPNET et Graines d\u2019entrepreneurs signent un partenariat strat\u00e9gique","footnotes":""},"categories":[73,55],"tags":[],"class_list":["post-141086","post","type-post","status-publish","format-standard","hentry","category-actualite","category-tunisie"],"_links":{"self":[{"href":"https:\/\/linitiative.ca\/International\/wp-json\/wp\/v2\/posts\/141086","targetHints":{"allow":["GET"]}}],"collection":[{"href":"https:\/\/linitiative.ca\/International\/wp-json\/wp\/v2\/posts"}],"about":[{"href":"https:\/\/linitiative.ca\/International\/wp-json\/wp\/v2\/types\/post"}],"author":[{"embeddable":true,"href":"https:\/\/linitiative.ca\/International\/wp-json\/wp\/v2\/users\/1772"}],"replies":[{"embeddable":true,"href":"https:\/\/linitiative.ca\/International\/wp-json\/wp\/v2\/comments?post=141086"}],"version-history":[{"count":0,"href":"https:\/\/linitiative.ca\/International\/wp-json\/wp\/v2\/posts\/141086\/revisions"}],"wp:attachment":[{"href":"https:\/\/linitiative.ca\/International\/wp-json\/wp\/v2\/media?parent=141086"}],"wp:term":[{"taxonomy":"category","embeddable":true,"href":"https:\/\/linitiative.ca\/International\/wp-json\/wp\/v2\/categories?post=141086"},{"taxonomy":"post_tag","embeddable":true,"href":"https:\/\/linitiative.ca\/International\/wp-json\/wp\/v2\/tags?post=141086"}],"curies":[{"name":"wp","href":"https:\/\/api.w.org\/{rel}","templated":true}]}}