{"id":141088,"date":"2022-02-17T03:45:00","date_gmt":"2022-02-17T08:45:00","guid":{"rendered":"https:\/\/linitiative.ca\/International\/la-crise-constitutionnelle-en-tunisie-quel-avenir-pour-la-democratie-et-letat-de-droit\/"},"modified":"2022-02-17T03:45:00","modified_gmt":"2022-02-17T08:45:00","slug":"la-crise-constitutionnelle-en-tunisie-quel-avenir-pour-la-democratie-et-letat-de-droit","status":"publish","type":"post","link":"https:\/\/linitiative.ca\/International\/la-crise-constitutionnelle-en-tunisie-quel-avenir-pour-la-democratie-et-letat-de-droit\/","title":{"rendered":"La crise constitutionnelle en Tunisie: Quel avenir pour la d\u00e9mocratie et l\u2019Etat de droit?"},"content":{"rendered":"<div><img decoding=\"async\" src=\"https:\/\/linitiative.ca\/International\/wp-content\/uploads\/sites\/23\/2022\/02\/1645084608_article.jpg\" alt=\"La crise constitutionnelle en Tunisie: Quel avenir pour la d\u00e9mocratie et l\u2019Etat de droit?\" align=\"left\">Le laboratoire de recherche en Droit international, Juridictions internationales et Droit constitutionnel compar\u00e9 de la Facult\u00e9 des sciences juridiques, politiques et sociales de Tunis- Universit\u00e9 de Carthage organise un colloque international sur \u00abLa crise constitutionnelle en Tunisie: Quel avenir pour la d\u00e9mocratie et l\u2019Etat de droit ?\u00bb les 25 et 26\u00a0 f\u00e9vrier 2022 \u00e0 la Facult\u00e9 des sciences juridiques, politiques et sociales de Tunis, selon le programme suivant:<br \/>\nVendredi 25 f\u00e9vrier 2022<br \/>\nPremi\u00e8re session: coup d\u2019\u00e9tat, reforme ou violation de la constitution : probl\u00e8me de qualification<br \/>\n\u2022 Allocution de Mme Neila Chaabane<br \/>\n\u2022 Allocution de Mme Hajer Gueldich<br \/>\n1. Comment &#8230;<\/p>\n<\/div>\n<p>Auteur:<br \/>\n<a href=\"https:\/\/www.leaders.com.tn\/article\/32975-la-crise-constitutionnelle-en-tunisie-quel-avenir-pour-la-democratie-et-l-etat-de-droit\">Cliquez ici pour lire l&rsquo;article depuis sa source.<\/a><\/p>\n","protected":false},"excerpt":{"rendered":"<p>Le laboratoire de recherche en Droit international, Juridictions internationales et Droit constitutionnel compar\u00e9 de la Facult\u00e9 des sciences juridiques, politiques et sociales de Tunis- Universit\u00e9 de Carthage organise un colloque international sur \u00abLa crise constitutionnelle en Tunisie: Quel avenir pour la d\u00e9mocratie et l\u2019Etat de droit ?\u00bb les 25 et 26\u00a0 f\u00e9vrier 2022 \u00e0 la [&hellip;]<\/p>\n","protected":false},"author":1772,"featured_media":0,"comment_status":"closed","ping_status":"closed","sticky":false,"template":"","format":"standard","meta":{"fifu_image_url":"http:\/\/www.leaders.com.tn\/uploads\/content\/thumbnails_small\/1645084608_article.jpg","fifu_image_alt":"La crise constitutionnelle en Tunisie: Quel avenir pour la d\u00e9mocratie et l\u2019Etat de droit?","footnotes":""},"categories":[73,55],"tags":[],"class_list":["post-141088","post","type-post","status-publish","format-standard","hentry","category-actualite","category-tunisie"],"_links":{"self":[{"href":"https:\/\/linitiative.ca\/International\/wp-json\/wp\/v2\/posts\/141088","targetHints":{"allow":["GET"]}}],"collection":[{"href":"https:\/\/linitiative.ca\/International\/wp-json\/wp\/v2\/posts"}],"about":[{"href":"https:\/\/linitiative.ca\/International\/wp-json\/wp\/v2\/types\/post"}],"author":[{"embeddable":true,"href":"https:\/\/linitiative.ca\/International\/wp-json\/wp\/v2\/users\/1772"}],"replies":[{"embeddable":true,"href":"https:\/\/linitiative.ca\/International\/wp-json\/wp\/v2\/comments?post=141088"}],"version-history":[{"count":0,"href":"https:\/\/linitiative.ca\/International\/wp-json\/wp\/v2\/posts\/141088\/revisions"}],"wp:attachment":[{"href":"https:\/\/linitiative.ca\/International\/wp-json\/wp\/v2\/media?parent=141088"}],"wp:term":[{"taxonomy":"category","embeddable":true,"href":"https:\/\/linitiative.ca\/International\/wp-json\/wp\/v2\/categories?post=141088"},{"taxonomy":"post_tag","embeddable":true,"href":"https:\/\/linitiative.ca\/International\/wp-json\/wp\/v2\/tags?post=141088"}],"curies":[{"name":"wp","href":"https:\/\/api.w.org\/{rel}","templated":true}]}}