{"id":141094,"date":"2022-02-17T07:51:36","date_gmt":"2022-02-17T12:51:36","guid":{"rendered":"https:\/\/linitiative.ca\/International\/maroc-la-ministre-israelienne-de-leconomie-et-de-lindustrie-attendue-ce-dimanche-20-fevrier\/"},"modified":"2022-02-17T07:51:36","modified_gmt":"2022-02-17T12:51:36","slug":"maroc-la-ministre-israelienne-de-leconomie-et-de-lindustrie-attendue-ce-dimanche-20-fevrier","status":"publish","type":"post","link":"https:\/\/linitiative.ca\/International\/maroc-la-ministre-israelienne-de-leconomie-et-de-lindustrie-attendue-ce-dimanche-20-fevrier\/","title":{"rendered":"Maroc. La ministre isra\u00e9lienne de l\u2019\u00c9conomie et de l\u2019Industrie attendue ce dimanche 20 f\u00e9vrier"},"content":{"rendered":"<div><img decoding=\"async\" width=\"691\" height=\"453\" src=\"https:\/\/linitiative.ca\/International\/wp-content\/uploads\/sites\/23\/2022\/02\/Orna-Barbivay-bon.jpg\" class=\"attachment-post-thumbnail size-post-thumbnail wp-post-image\" alt=\"\" loading=\"lazy\" srcset=\"https:\/\/linitiative.ca\/International\/wp-content\/uploads\/sites\/23\/2022\/02\/Orna-Barbivay-bon.jpg 691w, https:\/\/www.challenge.ma\/wp-content\/uploads\/2022\/02\/Orna-Barbivay-bon-300x197.jpg 300w, https:\/\/www.challenge.ma\/wp-content\/uploads\/2022\/02\/Orna-Barbivay-bon-360x236.jpg 360w\" sizes=\"auto, (max-width: 691px) 100vw, 691px\" itemprop=\"image\">Orna Barbivay, ministre isra\u00e9lienne de l\u2019\u00c9conomie et de l\u2019Industrie, sera le 20 f\u00e9vrier courant au Maroc pour une visite de travail. Elle devrait effectuer plusieurs r\u00e9unions avec les membres du gouvernement, mais aussi avec des donneurs d\u2019ordre, l\u2019objectif \u00e9tant de renforcer les partenariats \u00e9conomiques isra\u00e9liens avec le Royaume, et de<\/div>\n<p>Auteur: challenge<br \/>\n<a href=\"https:\/\/www.challenge.ma\/maroc-la-ministre-israelienne-de-leconomie-et-de-lindustrie-attendue-ce-dimanche-20-fevrier-232840\/\">Cliquez ici pour lire l&rsquo;article depuis sa source.<\/a><\/p>\n","protected":false},"excerpt":{"rendered":"<p>Orna Barbivay, ministre isra\u00e9lienne de l\u2019\u00c9conomie et de l\u2019Industrie, sera le 20 f\u00e9vrier courant au Maroc pour une visite de travail. Elle devrait effectuer plusieurs r\u00e9unions avec les membres du gouvernement, mais aussi avec des donneurs d\u2019ordre, l\u2019objectif \u00e9tant de renforcer les partenariats \u00e9conomiques isra\u00e9liens avec le Royaume, et de Auteur: challenge Cliquez ici pour [&hellip;]<\/p>\n","protected":false},"author":1787,"featured_media":0,"comment_status":"closed","ping_status":"closed","sticky":false,"template":"","format":"standard","meta":{"fifu_image_url":"https:\/\/www.challenge.ma\/wp-content\/uploads\/2022\/02\/Orna-Barbivay-bon.jpg","fifu_image_alt":"Maroc. La ministre isra\u00e9lienne de l\u2019\u00c9conomie et de l\u2019Industrie attendue ce dimanche 20 f\u00e9vrier","footnotes":""},"categories":[78,54],"tags":[],"class_list":["post-141094","post","type-post","status-publish","format-standard","hentry","category-economie","category-maroc"],"_links":{"self":[{"href":"https:\/\/linitiative.ca\/International\/wp-json\/wp\/v2\/posts\/141094","targetHints":{"allow":["GET"]}}],"collection":[{"href":"https:\/\/linitiative.ca\/International\/wp-json\/wp\/v2\/posts"}],"about":[{"href":"https:\/\/linitiative.ca\/International\/wp-json\/wp\/v2\/types\/post"}],"author":[{"embeddable":true,"href":"https:\/\/linitiative.ca\/International\/wp-json\/wp\/v2\/users\/1787"}],"replies":[{"embeddable":true,"href":"https:\/\/linitiative.ca\/International\/wp-json\/wp\/v2\/comments?post=141094"}],"version-history":[{"count":0,"href":"https:\/\/linitiative.ca\/International\/wp-json\/wp\/v2\/posts\/141094\/revisions"}],"wp:attachment":[{"href":"https:\/\/linitiative.ca\/International\/wp-json\/wp\/v2\/media?parent=141094"}],"wp:term":[{"taxonomy":"category","embeddable":true,"href":"https:\/\/linitiative.ca\/International\/wp-json\/wp\/v2\/categories?post=141094"},{"taxonomy":"post_tag","embeddable":true,"href":"https:\/\/linitiative.ca\/International\/wp-json\/wp\/v2\/tags?post=141094"}],"curies":[{"name":"wp","href":"https:\/\/api.w.org\/{rel}","templated":true}]}}