{"id":141100,"date":"2022-02-17T11:11:50","date_gmt":"2022-02-17T16:11:50","guid":{"rendered":"https:\/\/linitiative.ca\/International\/alexandra-montant-depuis-septembre-2021-on-note-une-reprise-forte-de-lemploi\/"},"modified":"2022-02-17T11:11:50","modified_gmt":"2022-02-17T16:11:50","slug":"alexandra-montant-depuis-septembre-2021-on-note-une-reprise-forte-de-lemploi","status":"publish","type":"post","link":"https:\/\/linitiative.ca\/International\/alexandra-montant-depuis-septembre-2021-on-note-une-reprise-forte-de-lemploi\/","title":{"rendered":"Alexandra Montant : \u00abDepuis septembre 2021, on note une reprise forte de l\u2019emploi\u00bb"},"content":{"rendered":"<div><img decoding=\"async\" width=\"1323\" height=\"801\" src=\"https:\/\/linitiative.ca\/International\/wp-content\/uploads\/sites\/23\/2022\/02\/Alexandra-Montant.jpg\" class=\"attachment-post-thumbnail size-post-thumbnail wp-post-image\" alt=\"\" loading=\"lazy\" srcset=\"https:\/\/linitiative.ca\/International\/wp-content\/uploads\/sites\/23\/2022\/02\/Alexandra-Montant.jpg 1323w, https:\/\/www.challenge.ma\/wp-content\/uploads\/2022\/02\/Alexandra-Montant-300x182.jpg 300w, https:\/\/www.challenge.ma\/wp-content\/uploads\/2022\/02\/Alexandra-Montant-1024x620.jpg 1024w, https:\/\/www.challenge.ma\/wp-content\/uploads\/2022\/02\/Alexandra-Montant-768x465.jpg 768w, https:\/\/www.challenge.ma\/wp-content\/uploads\/2022\/02\/Alexandra-Montant-360x218.jpg 360w, https:\/\/www.challenge.ma\/wp-content\/uploads\/2022\/02\/Alexandra-Montant-750x454.jpg 750w\" sizes=\"auto, (max-width: 1323px) 100vw, 1323px\" itemprop=\"image\">Le march\u00e9 de l\u2019emploi au Maroc fait face depuis deux ans \u00e0 des mutations in\u00e9dites dues \u00e0 un contexte de crise sanitaire et \u00e9conomique sans pr\u00e9c\u00e9dent. Comment le march\u00e9 r\u00e9agit-il ? Quels seront les secteurs qui embaucheront le plus dans les mois \u00e0 venir ? Quels sont les profils les<\/div>\n<p>Auteur: Adama Sylla<br \/>\n<a href=\"https:\/\/www.challenge.ma\/alexandra-montant-depuis-septembre-2021-on-note-une-reprise-forte-de-lemploi-232019\/\">Cliquez ici pour lire l&rsquo;article depuis sa source.<\/a><\/p>\n","protected":false},"excerpt":{"rendered":"<p>Le march\u00e9 de l\u2019emploi au Maroc fait face depuis deux ans \u00e0 des mutations in\u00e9dites dues \u00e0 un contexte de crise sanitaire et \u00e9conomique sans pr\u00e9c\u00e9dent. Comment le march\u00e9 r\u00e9agit-il ? Quels seront les secteurs qui embaucheront le plus dans les mois \u00e0 venir ? Quels sont les profils les Auteur: Adama Sylla Cliquez ici [&hellip;]<\/p>\n","protected":false},"author":1787,"featured_media":0,"comment_status":"closed","ping_status":"closed","sticky":false,"template":"","format":"standard","meta":{"fifu_image_url":"https:\/\/www.challenge.ma\/wp-content\/uploads\/2022\/02\/Alexandra-Montant.jpg","fifu_image_alt":"Alexandra Montant : \u00abDepuis septembre 2021, on note une reprise forte de l\u2019emploi\u00bb","footnotes":""},"categories":[78,54],"tags":[],"class_list":["post-141100","post","type-post","status-publish","format-standard","hentry","category-economie","category-maroc"],"_links":{"self":[{"href":"https:\/\/linitiative.ca\/International\/wp-json\/wp\/v2\/posts\/141100","targetHints":{"allow":["GET"]}}],"collection":[{"href":"https:\/\/linitiative.ca\/International\/wp-json\/wp\/v2\/posts"}],"about":[{"href":"https:\/\/linitiative.ca\/International\/wp-json\/wp\/v2\/types\/post"}],"author":[{"embeddable":true,"href":"https:\/\/linitiative.ca\/International\/wp-json\/wp\/v2\/users\/1787"}],"replies":[{"embeddable":true,"href":"https:\/\/linitiative.ca\/International\/wp-json\/wp\/v2\/comments?post=141100"}],"version-history":[{"count":0,"href":"https:\/\/linitiative.ca\/International\/wp-json\/wp\/v2\/posts\/141100\/revisions"}],"wp:attachment":[{"href":"https:\/\/linitiative.ca\/International\/wp-json\/wp\/v2\/media?parent=141100"}],"wp:term":[{"taxonomy":"category","embeddable":true,"href":"https:\/\/linitiative.ca\/International\/wp-json\/wp\/v2\/categories?post=141100"},{"taxonomy":"post_tag","embeddable":true,"href":"https:\/\/linitiative.ca\/International\/wp-json\/wp\/v2\/tags?post=141100"}],"curies":[{"name":"wp","href":"https:\/\/api.w.org\/{rel}","templated":true}]}}