{"id":141105,"date":"2022-02-17T15:58:11","date_gmt":"2022-02-17T20:58:11","guid":{"rendered":"https:\/\/linitiative.ca\/International\/caf-cup-css-liste-des-joueurs-convoques-au-match-de-dimanche\/"},"modified":"2022-02-17T15:58:11","modified_gmt":"2022-02-17T20:58:11","slug":"caf-cup-css-liste-des-joueurs-convoques-au-match-de-dimanche","status":"publish","type":"post","link":"https:\/\/linitiative.ca\/International\/caf-cup-css-liste-des-joueurs-convoques-au-match-de-dimanche\/","title":{"rendered":"CAF Cup \u2013 CSS : Liste des joueurs convoqu\u00e9s au match de dimanche"},"content":{"rendered":"<div>\n<p>Le staff technique du CS Sfaxien a d\u00e9voil\u00e9 ce jeudi soir, la liste de ses joueurs convoqu\u00e9s pour participer \u00e0 son prochain match contre Al-Ahly Tripoli, lors de la 2e journ\u00e9e de la coupe de la CAF. Ci-apr\u00e8s, la liste des 21 joueurs :<\/p>\n<p>L\u2019article <a href=\"https:\/\/sport.tunisienumerique.com\/caf-cup-css-liste-des-joueurs-convoques-au-match-de-dimanche\/\">CAF Cup \u2013 CSS : Liste des joueurs convoqu\u00e9s au match de dimanche<\/a> est apparu en premier sur <a href=\"https:\/\/www.tunisienumerique.com\/\">Tunisie<\/a>.<\/p>\n<\/div>\n<p>Auteur: Hamza Ben Khlifa<br \/>\n<a href=\"https:\/\/sport.tunisienumerique.com\/caf-cup-css-liste-des-joueurs-convoques-au-match-de-dimanche\/\">Cliquez ici pour lire l&rsquo;article depuis sa source.<\/a><\/p>\n","protected":false},"excerpt":{"rendered":"<p>Le staff technique du CS Sfaxien a d\u00e9voil\u00e9 ce jeudi soir, la liste de ses joueurs convoqu\u00e9s pour participer \u00e0 son prochain match contre Al-Ahly Tripoli, lors de la 2e journ\u00e9e de la coupe de la CAF. Ci-apr\u00e8s, la liste des 21 joueurs : L\u2019article CAF Cup \u2013 CSS : Liste des joueurs convoqu\u00e9s au [&hellip;]<\/p>\n","protected":false},"author":1789,"featured_media":0,"comment_status":"closed","ping_status":"closed","sticky":false,"template":"","format":"standard","meta":{"fifu_image_url":"","fifu_image_alt":"","footnotes":""},"categories":[73,55],"tags":[],"class_list":["post-141105","post","type-post","status-publish","format-standard","hentry","category-actualite","category-tunisie"],"_links":{"self":[{"href":"https:\/\/linitiative.ca\/International\/wp-json\/wp\/v2\/posts\/141105","targetHints":{"allow":["GET"]}}],"collection":[{"href":"https:\/\/linitiative.ca\/International\/wp-json\/wp\/v2\/posts"}],"about":[{"href":"https:\/\/linitiative.ca\/International\/wp-json\/wp\/v2\/types\/post"}],"author":[{"embeddable":true,"href":"https:\/\/linitiative.ca\/International\/wp-json\/wp\/v2\/users\/1789"}],"replies":[{"embeddable":true,"href":"https:\/\/linitiative.ca\/International\/wp-json\/wp\/v2\/comments?post=141105"}],"version-history":[{"count":0,"href":"https:\/\/linitiative.ca\/International\/wp-json\/wp\/v2\/posts\/141105\/revisions"}],"wp:attachment":[{"href":"https:\/\/linitiative.ca\/International\/wp-json\/wp\/v2\/media?parent=141105"}],"wp:term":[{"taxonomy":"category","embeddable":true,"href":"https:\/\/linitiative.ca\/International\/wp-json\/wp\/v2\/categories?post=141105"},{"taxonomy":"post_tag","embeddable":true,"href":"https:\/\/linitiative.ca\/International\/wp-json\/wp\/v2\/tags?post=141105"}],"curies":[{"name":"wp","href":"https:\/\/api.w.org\/{rel}","templated":true}]}}