{"id":141106,"date":"2022-02-17T17:12:39","date_gmt":"2022-02-17T22:12:39","guid":{"rendered":"https:\/\/linitiative.ca\/International\/sfax-25e-congres-de-lugtt-composition-de-la-liste-de-taboubi\/"},"modified":"2022-02-17T17:12:39","modified_gmt":"2022-02-17T22:12:39","slug":"sfax-25e-congres-de-lugtt-composition-de-la-liste-de-taboubi","status":"publish","type":"post","link":"https:\/\/linitiative.ca\/International\/sfax-25e-congres-de-lugtt-composition-de-la-liste-de-taboubi\/","title":{"rendered":"Sfax-25e Congr\u00e8s de l\u2019UGTT : Composition de la liste de Taboubi"},"content":{"rendered":"<div>\n<p>Une source m\u00e9diatique a obtenu ce soir 17 f\u00e9vrier 2022, la composition de la liste du Secr\u00e9taire G\u00e9n\u00e9ral de l\u2019UGTT, Noureddine Taboubi nomin\u00e9e pour les \u00e9lections au Bureau ex\u00e9cutif national lors du 25e Congr\u00e8s de l\u2019UGTT tenu \u00e0 Sfax. Le bureau ex\u00e9cutif de l\u2019organisation syndicale sera compos\u00e9 pour la premi\u00e8re fois de 15 membres au [\u2026]<\/p>\n<p>L\u2019article <a href=\"https:\/\/www.tunisienumerique.com\/sfax-25e-congres-de-lugtt-composition-de-la-liste-de-taboubi\/\">Sfax-25e Congr\u00e8s de l\u2019UGTT : Composition de la liste de Taboubi<\/a> est apparu en premier sur <a href=\"https:\/\/www.tunisienumerique.com\/\">Tunisie<\/a>.<\/p>\n<\/div>\n<p>Auteur: rania ben slimane<br \/>\n<a href=\"https:\/\/www.tunisienumerique.com\/sfax-25e-congres-de-lugtt-composition-de-la-liste-de-taboubi\/\">Cliquez ici pour lire l&rsquo;article depuis sa source.<\/a><\/p>\n","protected":false},"excerpt":{"rendered":"<p>Une source m\u00e9diatique a obtenu ce soir 17 f\u00e9vrier 2022, la composition de la liste du Secr\u00e9taire G\u00e9n\u00e9ral de l\u2019UGTT, Noureddine Taboubi nomin\u00e9e pour les \u00e9lections au Bureau ex\u00e9cutif national lors du 25e Congr\u00e8s de l\u2019UGTT tenu \u00e0 Sfax. Le bureau ex\u00e9cutif de l\u2019organisation syndicale sera compos\u00e9 pour la premi\u00e8re fois de 15 membres au [&hellip;]<\/p>\n","protected":false},"author":1789,"featured_media":0,"comment_status":"closed","ping_status":"closed","sticky":false,"template":"","format":"standard","meta":{"fifu_image_url":"","fifu_image_alt":"","footnotes":""},"categories":[73,55],"tags":[],"class_list":["post-141106","post","type-post","status-publish","format-standard","hentry","category-actualite","category-tunisie"],"_links":{"self":[{"href":"https:\/\/linitiative.ca\/International\/wp-json\/wp\/v2\/posts\/141106","targetHints":{"allow":["GET"]}}],"collection":[{"href":"https:\/\/linitiative.ca\/International\/wp-json\/wp\/v2\/posts"}],"about":[{"href":"https:\/\/linitiative.ca\/International\/wp-json\/wp\/v2\/types\/post"}],"author":[{"embeddable":true,"href":"https:\/\/linitiative.ca\/International\/wp-json\/wp\/v2\/users\/1789"}],"replies":[{"embeddable":true,"href":"https:\/\/linitiative.ca\/International\/wp-json\/wp\/v2\/comments?post=141106"}],"version-history":[{"count":0,"href":"https:\/\/linitiative.ca\/International\/wp-json\/wp\/v2\/posts\/141106\/revisions"}],"wp:attachment":[{"href":"https:\/\/linitiative.ca\/International\/wp-json\/wp\/v2\/media?parent=141106"}],"wp:term":[{"taxonomy":"category","embeddable":true,"href":"https:\/\/linitiative.ca\/International\/wp-json\/wp\/v2\/categories?post=141106"},{"taxonomy":"post_tag","embeddable":true,"href":"https:\/\/linitiative.ca\/International\/wp-json\/wp\/v2\/tags?post=141106"}],"curies":[{"name":"wp","href":"https:\/\/api.w.org\/{rel}","templated":true}]}}