{"id":141109,"date":"2022-02-17T14:21:37","date_gmt":"2022-02-17T19:21:37","guid":{"rendered":"https:\/\/linitiative.ca\/International\/retrait-de-barkhane-et-de-takuba-du-mali\/"},"modified":"2022-02-17T14:21:37","modified_gmt":"2022-02-17T19:21:37","slug":"retrait-de-barkhane-et-de-takuba-du-mali","status":"publish","type":"post","link":"https:\/\/linitiative.ca\/International\/retrait-de-barkhane-et-de-takuba-du-mali\/","title":{"rendered":"RETRAIT DE BARKHANE ET DE TAKUBA DU MALI"},"content":{"rendered":"<div>\n<p><img decoding=\"async\" width=\"780\" height=\"470\" src=\"https:\/\/linitiative.ca\/International\/wp-content\/uploads\/sites\/23\/2022\/02\/BARKHANE-1.jpg\" class=\"attachment- size- wp-post-image\" alt=\"\" loading=\"lazy\" style=\"float:left; margin:0 15px 15px 0;\" srcset=\"https:\/\/linitiative.ca\/International\/wp-content\/uploads\/sites\/23\/2022\/02\/BARKHANE-1.jpg 780w, https:\/\/lepays.bf\/wp-content\/uploads\/2022\/02\/BARKHANE-1-300x181.jpg 300w, https:\/\/lepays.bf\/wp-content\/uploads\/2022\/02\/BARKHANE-1-768x463.jpg 768w\" sizes=\"auto, (max-width: 780px) 100vw, 780px\">Partira, partira pas\u00a0? Telle \u00e9tait la question que nous nous posions dans notre \u00e9dition du mardi 15 f\u00e9vrier dernier, lorsque la France et ses partenaires europ\u00e9ens entraient, en d\u00e9but de semaine, en concertation sur la conduite \u00e0 tenir par rapport \u00e0 leur pr\u00e9sence militaire au Mali, qui faisait l\u2019objet de tensions avec Bamako. Finalement, aux \u2026<\/p>\n<p>L\u2019article <a rel=\"nofollow\" href=\"https:\/\/lepays.bf\/retrait-de-barkhane-et-de-takuba-du-mali\/\">RETRAIT DE BARKHANE ET DE TAKUBA DU MALI<\/a> est apparu en premier sur <a rel=\"nofollow\" href=\"https:\/\/lepays.bf\/\">Editions Le Pays<\/a>.<\/p>\n<\/div>\n<p>Auteur: Editions LEPAYS<br \/>\n<a href=\"https:\/\/lepays.bf\/retrait-de-barkhane-et-de-takuba-du-mali\/\">Cliquez ici pour lire l&rsquo;article depuis sa source.<\/a><\/p>\n","protected":false},"excerpt":{"rendered":"<p>Partira, partira pas\u00a0? Telle \u00e9tait la question que nous nous posions dans notre \u00e9dition du mardi 15 f\u00e9vrier dernier, lorsque la France et ses partenaires europ\u00e9ens entraient, en d\u00e9but de semaine, en concertation sur la conduite \u00e0 tenir par rapport \u00e0 leur pr\u00e9sence militaire au Mali, qui faisait l\u2019objet de tensions avec Bamako. Finalement, aux [&hellip;]<\/p>\n","protected":false},"author":1813,"featured_media":0,"comment_status":"closed","ping_status":"closed","sticky":false,"template":"","format":"standard","meta":{"fifu_image_url":"https:\/\/lepays.bf\/wp-content\/uploads\/2022\/02\/BARKHANE-1.jpg","fifu_image_alt":"RETRAIT DE BARKHANE ET DE TAKUBA DU MALI","footnotes":""},"categories":[73,81],"tags":[],"class_list":["post-141109","post","type-post","status-publish","format-standard","hentry","category-actualite","category-burkina-faso"],"_links":{"self":[{"href":"https:\/\/linitiative.ca\/International\/wp-json\/wp\/v2\/posts\/141109","targetHints":{"allow":["GET"]}}],"collection":[{"href":"https:\/\/linitiative.ca\/International\/wp-json\/wp\/v2\/posts"}],"about":[{"href":"https:\/\/linitiative.ca\/International\/wp-json\/wp\/v2\/types\/post"}],"author":[{"embeddable":true,"href":"https:\/\/linitiative.ca\/International\/wp-json\/wp\/v2\/users\/1813"}],"replies":[{"embeddable":true,"href":"https:\/\/linitiative.ca\/International\/wp-json\/wp\/v2\/comments?post=141109"}],"version-history":[{"count":0,"href":"https:\/\/linitiative.ca\/International\/wp-json\/wp\/v2\/posts\/141109\/revisions"}],"wp:attachment":[{"href":"https:\/\/linitiative.ca\/International\/wp-json\/wp\/v2\/media?parent=141109"}],"wp:term":[{"taxonomy":"category","embeddable":true,"href":"https:\/\/linitiative.ca\/International\/wp-json\/wp\/v2\/categories?post=141109"},{"taxonomy":"post_tag","embeddable":true,"href":"https:\/\/linitiative.ca\/International\/wp-json\/wp\/v2\/tags?post=141109"}],"curies":[{"name":"wp","href":"https:\/\/api.w.org\/{rel}","templated":true}]}}