{"id":141111,"date":"2022-02-17T14:25:36","date_gmt":"2022-02-17T19:25:36","guid":{"rendered":"https:\/\/linitiative.ca\/International\/depart-annonce-de-barkhane-du-mali\/"},"modified":"2022-02-17T14:25:36","modified_gmt":"2022-02-17T19:25:36","slug":"depart-annonce-de-barkhane-du-mali","status":"publish","type":"post","link":"https:\/\/linitiative.ca\/International\/depart-annonce-de-barkhane-du-mali\/","title":{"rendered":"DEPART ANNONCE DE BARKHANE DU MALI"},"content":{"rendered":"<div>\n<p><img decoding=\"async\" width=\"592\" height=\"296\" src=\"https:\/\/linitiative.ca\/International\/wp-content\/uploads\/sites\/23\/2022\/02\/DEPART.jpg\" class=\"attachment- size- wp-post-image\" alt=\"\" loading=\"lazy\" style=\"float:left; margin:0 15px 15px 0;\" srcset=\"https:\/\/linitiative.ca\/International\/wp-content\/uploads\/sites\/23\/2022\/02\/DEPART.jpg 592w, https:\/\/lepays.bf\/wp-content\/uploads\/2022\/02\/DEPART-300x150.jpg 300w\" sizes=\"auto, (max-width: 592px) 100vw, 592px\">Le 16 f\u00e9vrier 2022, \u00a0le chef de l\u2019Etat fran\u00e7ais, Emmanuel Macron, a re\u00e7u, en pr\u00e9lude au sommet Union europ\u00e9enne-Afrique, ses homologues du G5 Sahel, except\u00e9s les pr\u00e9sidents du Mali et du Burkina Faso. Les deux voisins qui, \u00e0 bien des \u00e9gards, pr\u00e9sentent des similitudes, ont \u00e9t\u00e9 tenus \u00e0 l\u2019\u00e9cart du raout pour des raisons bien \u2026<\/p>\n<p>L\u2019article <a rel=\"nofollow\" href=\"https:\/\/lepays.bf\/depart-annonce-de-barkhane-du-mali-3\/\">DEPART ANNONCE DE BARKHANE DU MALI<\/a> est apparu en premier sur <a rel=\"nofollow\" href=\"https:\/\/lepays.bf\/\">Editions Le Pays<\/a>.<\/p>\n<\/div>\n<p>Auteur: Editions LEPAYS<br \/>\n<a href=\"https:\/\/lepays.bf\/depart-annonce-de-barkhane-du-mali-3\/\">Cliquez ici pour lire l&rsquo;article depuis sa source.<\/a><\/p>\n","protected":false},"excerpt":{"rendered":"<p>Le 16 f\u00e9vrier 2022, \u00a0le chef de l\u2019Etat fran\u00e7ais, Emmanuel Macron, a re\u00e7u, en pr\u00e9lude au sommet Union europ\u00e9enne-Afrique, ses homologues du G5 Sahel, except\u00e9s les pr\u00e9sidents du Mali et du Burkina Faso. Les deux voisins qui, \u00e0 bien des \u00e9gards, pr\u00e9sentent des similitudes, ont \u00e9t\u00e9 tenus \u00e0 l\u2019\u00e9cart du raout pour des raisons bien [&hellip;]<\/p>\n","protected":false},"author":1813,"featured_media":0,"comment_status":"closed","ping_status":"closed","sticky":false,"template":"","format":"standard","meta":{"fifu_image_url":"https:\/\/lepays.bf\/wp-content\/uploads\/2022\/02\/DEPART.jpg","fifu_image_alt":"DEPART ANNONCE DE BARKHANE DU MALI","footnotes":""},"categories":[73,81],"tags":[],"class_list":["post-141111","post","type-post","status-publish","format-standard","hentry","category-actualite","category-burkina-faso"],"_links":{"self":[{"href":"https:\/\/linitiative.ca\/International\/wp-json\/wp\/v2\/posts\/141111","targetHints":{"allow":["GET"]}}],"collection":[{"href":"https:\/\/linitiative.ca\/International\/wp-json\/wp\/v2\/posts"}],"about":[{"href":"https:\/\/linitiative.ca\/International\/wp-json\/wp\/v2\/types\/post"}],"author":[{"embeddable":true,"href":"https:\/\/linitiative.ca\/International\/wp-json\/wp\/v2\/users\/1813"}],"replies":[{"embeddable":true,"href":"https:\/\/linitiative.ca\/International\/wp-json\/wp\/v2\/comments?post=141111"}],"version-history":[{"count":0,"href":"https:\/\/linitiative.ca\/International\/wp-json\/wp\/v2\/posts\/141111\/revisions"}],"wp:attachment":[{"href":"https:\/\/linitiative.ca\/International\/wp-json\/wp\/v2\/media?parent=141111"}],"wp:term":[{"taxonomy":"category","embeddable":true,"href":"https:\/\/linitiative.ca\/International\/wp-json\/wp\/v2\/categories?post=141111"},{"taxonomy":"post_tag","embeddable":true,"href":"https:\/\/linitiative.ca\/International\/wp-json\/wp\/v2\/tags?post=141111"}],"curies":[{"name":"wp","href":"https:\/\/api.w.org\/{rel}","templated":true}]}}