{"id":141113,"date":"2022-02-17T14:29:04","date_gmt":"2022-02-17T19:29:04","guid":{"rendered":"https:\/\/linitiative.ca\/International\/sommet-afrique-ue\/"},"modified":"2022-02-17T14:29:04","modified_gmt":"2022-02-17T19:29:04","slug":"sommet-afrique-ue","status":"publish","type":"post","link":"https:\/\/linitiative.ca\/International\/sommet-afrique-ue\/","title":{"rendered":"SOMMET AFRIQUE-UE"},"content":{"rendered":"<div>\n<p><img decoding=\"async\" width=\"664\" height=\"443\" src=\"https:\/\/linitiative.ca\/International\/wp-content\/uploads\/sites\/23\/2022\/02\/SOMMET-1.jpg\" class=\"attachment- size- wp-post-image\" alt=\"\" loading=\"lazy\" style=\"float:left; margin:0 15px 15px 0;\" srcset=\"https:\/\/linitiative.ca\/International\/wp-content\/uploads\/sites\/23\/2022\/02\/SOMMET-1.jpg 664w, https:\/\/lepays.bf\/wp-content\/uploads\/2022\/02\/SOMMET-1-300x200.jpg 300w\" sizes=\"auto, (max-width: 664px) 100vw, 664px\">Il s\u2019est ouvert hier, \u00e0 Bruxelles, apr\u00e8s Abidjan en novembre 2017, le 6\u00e8me sommet Afrique-Union europ\u00e9enne (UE)\u00a0; un rendez-vous qui \u00e9tait tr\u00e8s attendu et ce, apr\u00e8s l\u2019interruption impos\u00e9e par la pand\u00e9mie de la Covid-19. La tenue de ce sommet intervient dans un contexte marqu\u00e9 par la persistance de la crise s\u00e9curitaire en Afrique sur fond \u2026<\/p>\n<p>L\u2019article <a rel=\"nofollow\" href=\"https:\/\/lepays.bf\/sommet-afrique-ue-2\/\">SOMMET AFRIQUE-UE<\/a> est apparu en premier sur <a rel=\"nofollow\" href=\"https:\/\/lepays.bf\/\">Editions Le Pays<\/a>.<\/p>\n<\/div>\n<p>Auteur: Editions LEPAYS<br \/>\n<a href=\"https:\/\/lepays.bf\/sommet-afrique-ue-2\/\">Cliquez ici pour lire l&rsquo;article depuis sa source.<\/a><\/p>\n","protected":false},"excerpt":{"rendered":"<p>Il s\u2019est ouvert hier, \u00e0 Bruxelles, apr\u00e8s Abidjan en novembre 2017, le 6\u00e8me sommet Afrique-Union europ\u00e9enne (UE)\u00a0; un rendez-vous qui \u00e9tait tr\u00e8s attendu et ce, apr\u00e8s l\u2019interruption impos\u00e9e par la pand\u00e9mie de la Covid-19. La tenue de ce sommet intervient dans un contexte marqu\u00e9 par la persistance de la crise s\u00e9curitaire en Afrique sur fond [&hellip;]<\/p>\n","protected":false},"author":1813,"featured_media":0,"comment_status":"closed","ping_status":"closed","sticky":false,"template":"","format":"standard","meta":{"fifu_image_url":"https:\/\/lepays.bf\/wp-content\/uploads\/2022\/02\/SOMMET-1.jpg","fifu_image_alt":"SOMMET AFRIQUE-UE","footnotes":""},"categories":[73,81],"tags":[],"class_list":["post-141113","post","type-post","status-publish","format-standard","hentry","category-actualite","category-burkina-faso"],"_links":{"self":[{"href":"https:\/\/linitiative.ca\/International\/wp-json\/wp\/v2\/posts\/141113","targetHints":{"allow":["GET"]}}],"collection":[{"href":"https:\/\/linitiative.ca\/International\/wp-json\/wp\/v2\/posts"}],"about":[{"href":"https:\/\/linitiative.ca\/International\/wp-json\/wp\/v2\/types\/post"}],"author":[{"embeddable":true,"href":"https:\/\/linitiative.ca\/International\/wp-json\/wp\/v2\/users\/1813"}],"replies":[{"embeddable":true,"href":"https:\/\/linitiative.ca\/International\/wp-json\/wp\/v2\/comments?post=141113"}],"version-history":[{"count":0,"href":"https:\/\/linitiative.ca\/International\/wp-json\/wp\/v2\/posts\/141113\/revisions"}],"wp:attachment":[{"href":"https:\/\/linitiative.ca\/International\/wp-json\/wp\/v2\/media?parent=141113"}],"wp:term":[{"taxonomy":"category","embeddable":true,"href":"https:\/\/linitiative.ca\/International\/wp-json\/wp\/v2\/categories?post=141113"},{"taxonomy":"post_tag","embeddable":true,"href":"https:\/\/linitiative.ca\/International\/wp-json\/wp\/v2\/tags?post=141113"}],"curies":[{"name":"wp","href":"https:\/\/api.w.org\/{rel}","templated":true}]}}