{"id":141115,"date":"2022-02-17T14:31:40","date_gmt":"2022-02-17T19:31:40","guid":{"rendered":"https:\/\/linitiative.ca\/International\/ouverture-dune-information-judiciaire-contre-cellou-dalein-diallo\/"},"modified":"2022-02-17T14:31:40","modified_gmt":"2022-02-17T19:31:40","slug":"ouverture-dune-information-judiciaire-contre-cellou-dalein-diallo","status":"publish","type":"post","link":"https:\/\/linitiative.ca\/International\/ouverture-dune-information-judiciaire-contre-cellou-dalein-diallo\/","title":{"rendered":"OUVERTURE D\u2019UNE INFORMATION JUDICIAIRE CONTRE CELLOU DALEIN DIALLO  \u00a0"},"content":{"rendered":"<div>\n<p><img loading=\"lazy\" decoding=\"async\" width=\"768\" height=\"512\" src=\"https:\/\/linitiative.ca\/International\/wp-content\/uploads\/sites\/23\/2022\/02\/cellou-dalein-diallo.jpeg\" class=\"attachment- size- wp-post-image\" alt=\"\" style=\"float:left; margin:0 15px 15px 0;\" srcset=\"https:\/\/linitiative.ca\/International\/wp-content\/uploads\/sites\/23\/2022\/02\/cellou-dalein-diallo.jpeg 768w, https:\/\/lepays.bf\/wp-content\/uploads\/2022\/02\/cellou-dalein-diallo-300x200.jpeg 300w\" sizes=\"auto, (max-width: 768px) 100vw, 768px\">Le procureur de la Cour de r\u00e9pression des infractions \u00e9conomiques et financi\u00e8re (CRIEF), Ali Tour\u00e9, vient d\u2019ouvrir, en Guin\u00e9e, une information judiciaire contre l\u2019opposant guin\u00e9en, Cellou Dalein Diallo. Il est reproch\u00e9 \u00e0 ce dernier le d\u00e9lit de \u00ab\u00a0corruption et d\u2019enrichissement illicite\u00a0\u00bb en lien avec la vente de deux avions et autres biens appartenant \u00e0 la \u2026<\/p>\n<p>L\u2019article <a rel=\"nofollow\" href=\"https:\/\/lepays.bf\/ouverture-dune-information-judiciaire-contre-cellou-dalein-diallo\/\">OUVERTURE D\u2019UNE INFORMATION JUDICIAIRE CONTRE CELLOU DALEIN DIALLO  \u00a0<\/a> est apparu en premier sur <a rel=\"nofollow\" href=\"https:\/\/lepays.bf\/\">Editions Le Pays<\/a>.<\/p>\n<\/div>\n<p>Auteur: Editions LEPAYS<br \/>\n<a href=\"https:\/\/lepays.bf\/ouverture-dune-information-judiciaire-contre-cellou-dalein-diallo\/\">Cliquez ici pour lire l&rsquo;article depuis sa source.<\/a><\/p>\n","protected":false},"excerpt":{"rendered":"<p>Le procureur de la Cour de r\u00e9pression des infractions \u00e9conomiques et financi\u00e8re (CRIEF), Ali Tour\u00e9, vient d\u2019ouvrir, en Guin\u00e9e, une information judiciaire contre l\u2019opposant guin\u00e9en, Cellou Dalein Diallo. Il est reproch\u00e9 \u00e0 ce dernier le d\u00e9lit de \u00ab\u00a0corruption et d\u2019enrichissement illicite\u00a0\u00bb en lien avec la vente de deux avions et autres biens appartenant \u00e0 la [&hellip;]<\/p>\n","protected":false},"author":1813,"featured_media":0,"comment_status":"closed","ping_status":"closed","sticky":false,"template":"","format":"standard","meta":{"fifu_image_url":"https:\/\/lepays.bf\/wp-content\/uploads\/2022\/02\/cellou-dalein-diallo.jpeg","fifu_image_alt":"OUVERTURE D\u2019UNE INFORMATION JUDICIAIRE CONTRE CELLOU DALEIN DIALLO  \u00a0","footnotes":""},"categories":[73,81],"tags":[],"class_list":["post-141115","post","type-post","status-publish","format-standard","hentry","category-actualite","category-burkina-faso"],"_links":{"self":[{"href":"https:\/\/linitiative.ca\/International\/wp-json\/wp\/v2\/posts\/141115","targetHints":{"allow":["GET"]}}],"collection":[{"href":"https:\/\/linitiative.ca\/International\/wp-json\/wp\/v2\/posts"}],"about":[{"href":"https:\/\/linitiative.ca\/International\/wp-json\/wp\/v2\/types\/post"}],"author":[{"embeddable":true,"href":"https:\/\/linitiative.ca\/International\/wp-json\/wp\/v2\/users\/1813"}],"replies":[{"embeddable":true,"href":"https:\/\/linitiative.ca\/International\/wp-json\/wp\/v2\/comments?post=141115"}],"version-history":[{"count":0,"href":"https:\/\/linitiative.ca\/International\/wp-json\/wp\/v2\/posts\/141115\/revisions"}],"wp:attachment":[{"href":"https:\/\/linitiative.ca\/International\/wp-json\/wp\/v2\/media?parent=141115"}],"wp:term":[{"taxonomy":"category","embeddable":true,"href":"https:\/\/linitiative.ca\/International\/wp-json\/wp\/v2\/categories?post=141115"},{"taxonomy":"post_tag","embeddable":true,"href":"https:\/\/linitiative.ca\/International\/wp-json\/wp\/v2\/tags?post=141115"}],"curies":[{"name":"wp","href":"https:\/\/api.w.org\/{rel}","templated":true}]}}