{"id":141117,"date":"2022-02-17T06:04:35","date_gmt":"2022-02-17T11:04:35","guid":{"rendered":"https:\/\/linitiative.ca\/International\/lutte-contre-le-terrorisme-la-france-et-ses-partenaires-confirment-un-retrait-coordonne-du-mali\/"},"modified":"2022-02-17T06:04:35","modified_gmt":"2022-02-17T11:04:35","slug":"lutte-contre-le-terrorisme-la-france-et-ses-partenaires-confirment-un-retrait-coordonne-du-mali","status":"publish","type":"post","link":"https:\/\/linitiative.ca\/International\/lutte-contre-le-terrorisme-la-france-et-ses-partenaires-confirment-un-retrait-coordonne-du-mali\/","title":{"rendered":"Lutte contre le terrorisme : La France et ses partenaires confirment un \u00abretrait coordonn\u00e9\u00bb du Mali"},"content":{"rendered":"<div>\n<p>Ce jeudi 17 f\u00e9vrier 2022, des dirigeants africains et europ\u00e9ens, environ une trentaine, r\u00e9unis depuis mercredi \u00e0 l\u2019Elys\u00e9e pour \u00e9voquer la situation au Sahel, ont annonc\u00e9 le retrait coordonn\u00e9 des forces militaires du Mali.<\/p>\n<p>Selon le pr\u00e9sident fran\u00e7ais, Emmanuel Macron, cette d\u00e9cision est due aux multiples obstructions des premiers responsables de la transition malienne. \u00ab<em>En raison des multiples obstructions des autorit\u00e9s de la transition malienne, le Canada et les Etats europ\u00e9ens op\u00e9rant aux c\u00f4t\u00e9s de l\u2019op\u00e9ration Barkhane et au sein de la Task Force Takuba estiment que les conditions politiques, op\u00e9rationnelles et juridiques ne sont plus r\u00e9unies pour poursuivre efficacement leur engagement militaire actuel dans la lutte contre le terrorisme au Mali et ont donc d\u00e9cid\u00e9 d\u2019entamer le retrait coordonn\u00e9 du territoire malien de leurs moyens militaires respectifs d\u00e9di\u00e9s \u00e0 ces op\u00e9rations<\/em>\u00bb, selon un communiqu\u00e9 de l\u2019Elys\u00e9e publi\u00e9 ce jeudi matin.<\/p>\n<p>Pour Emmanuel Macron, ce retrait se traduira par la fermeture des emprises de Gossi, de M\u00e9naka et de Gao, <em>il sera effectu\u00e9e <\/em> de mani\u00e8re ordonn\u00e9e, avec les forces arm\u00e9es maliennes et la Mission des Nations unies au Mali. Par ailleurs, <em>\u00ab\u00a0ce retrait des troupes fran\u00e7aises va durer\u00a0\u00a0 4\u00a0\u00a0 \u00e0 6 mois\u00a0\u00bb,<\/em> a-t-il pr\u00e9cis\u00e9 dans le communiqu\u00e9.<\/p>\n<p>C\u2019est en 2013 que l\u2019arm\u00e9e fran\u00e7aise est arriv\u00e9e au Mali afin de soutenir le pays face \u00e0 la menace terroriste, selon les m\u00e9dias fran\u00e7ais.<\/p>\n<p>\u00a0<\/p>\n<p>\u00a0<\/p>\n<p>\u00a0<\/p>\n<p>\u00a0<\/p>\n<p>L\u2019article <a rel=\"nofollow\" href=\"https:\/\/www.sidwaya.info\/blog\/2022\/02\/17\/lutte-contre-le-terrorisme-la-france-et-ses-partenaires-confirment-un-retrait-coordonne-du-mali\/\">Lutte contre le terrorisme : La France et ses partenaires confirment un \u00abretrait coordonn\u00e9\u00bb du Mali<\/a> est apparu en premier sur <a rel=\"nofollow\" href=\"https:\/\/www.sidwaya.info\/\">Quotidien Sidwaya<\/a>.<\/p>\n<\/div>\n<p>Auteur: BANGRE SIDWAYA<br \/>\n<a href=\"https:\/\/www.sidwaya.info\/blog\/2022\/02\/17\/lutte-contre-le-terrorisme-la-france-et-ses-partenaires-confirment-un-retrait-coordonne-du-mali\/?utm_source=rss&#038;utm_medium=rss&#038;utm_campaign=lutte-contre-le-terrorisme-la-france-et-ses-partenaires-confirment-un-retrait-coordonne-du-mali\">Cliquez ici pour lire l&rsquo;article depuis sa source.<\/a><\/p>\n","protected":false},"excerpt":{"rendered":"<p>Ce jeudi 17 f\u00e9vrier 2022, des dirigeants africains et europ\u00e9ens, environ une trentaine, r\u00e9unis depuis mercredi \u00e0 l\u2019Elys\u00e9e pour \u00e9voquer la situation au Sahel, ont annonc\u00e9 le retrait coordonn\u00e9 des forces militaires du Mali. Selon le pr\u00e9sident fran\u00e7ais, Emmanuel Macron, cette d\u00e9cision est due aux multiples obstructions des premiers responsables de la transition malienne. \u00abEn [&hellip;]<\/p>\n","protected":false},"author":1816,"featured_media":0,"comment_status":"closed","ping_status":"closed","sticky":false,"template":"","format":"standard","meta":{"fifu_image_url":"","fifu_image_alt":"","footnotes":""},"categories":[73,81],"tags":[],"class_list":["post-141117","post","type-post","status-publish","format-standard","hentry","category-actualite","category-burkina-faso"],"_links":{"self":[{"href":"https:\/\/linitiative.ca\/International\/wp-json\/wp\/v2\/posts\/141117","targetHints":{"allow":["GET"]}}],"collection":[{"href":"https:\/\/linitiative.ca\/International\/wp-json\/wp\/v2\/posts"}],"about":[{"href":"https:\/\/linitiative.ca\/International\/wp-json\/wp\/v2\/types\/post"}],"author":[{"embeddable":true,"href":"https:\/\/linitiative.ca\/International\/wp-json\/wp\/v2\/users\/1816"}],"replies":[{"embeddable":true,"href":"https:\/\/linitiative.ca\/International\/wp-json\/wp\/v2\/comments?post=141117"}],"version-history":[{"count":0,"href":"https:\/\/linitiative.ca\/International\/wp-json\/wp\/v2\/posts\/141117\/revisions"}],"wp:attachment":[{"href":"https:\/\/linitiative.ca\/International\/wp-json\/wp\/v2\/media?parent=141117"}],"wp:term":[{"taxonomy":"category","embeddable":true,"href":"https:\/\/linitiative.ca\/International\/wp-json\/wp\/v2\/categories?post=141117"},{"taxonomy":"post_tag","embeddable":true,"href":"https:\/\/linitiative.ca\/International\/wp-json\/wp\/v2\/tags?post=141117"}],"curies":[{"name":"wp","href":"https:\/\/api.w.org\/{rel}","templated":true}]}}